{"id":1501,"date":"2024-05-19T20:23:54","date_gmt":"2024-05-19T20:23:54","guid":{"rendered":"http:\/\/icteuropa.local\/?p=1501"},"modified":"2024-07-09T08:51:46","modified_gmt":"2024-07-09T08:51:46","slug":"konyveloiktol-jobb-teljesitmenyt-varnak-a-hazai-kkv-vezetok","status":"publish","type":"post","link":"https:\/\/icteuropa.hu\/en\/konyveloiktol-jobb-teljesitmenyt-varnak-a-hazai-kkv-vezetok\/","title":{"rendered":"K\u00f6nyvel\u0151ikt\u0151l jobb teljes\u00edtm\u00e9nyt v\u00e1rnak a hazai KKV vezet\u0151k!"},"content":{"rendered":"<p>A c\u00e9gvezet\u0151k nem kapnak megfelel\u0151 t\u00e1mogat\u00e1st \u00e9s tan\u00e1csokat a k\u00f6nyvel\u0151ikt\u0151l \u2013 der\u00fcl ki az ICT Eur\u00f3pa Finance Zrt. k\u00f6nyvel\u0151, b\u00e9rsz\u00e1mfejt\u0151 c\u00e9g \u00e1ltal k\u00e9sz\u00edtett felm\u00e9r\u00e9sb\u0151l.<br>Magyarorsz\u00e1gon, a KKV szektorban m\u0171k\u00f6d\u0151 c\u00e9gek tulajdonosait, vezet\u0151it k\u00e9rdezt\u00e9k meg arr\u00f3l, hogy milyen \u00e1ltal\u00e1nos elv\u00e1r\u00e1saik valamint tapasztalataik vannak a k\u00f6nyvel\u00e9si szolg\u00e1ltat\u00f3juk \u00e1ltal v\u00e9gzett munk\u00e1r\u00f3l. A felm\u00e9r\u00e9sben megk\u00e9rdezett t\u00f6bb mint 100 c\u00e9gvezet\u0151 arr\u00f3l is nyilatkozott, hogy hogyan v\u00e1lasztj\u00e1k ki a megfelel\u0151 k\u00f6nyvel\u00e9si szolg\u00e1ltat\u00f3t.<\/p>\n\n\n\n<p>A felm\u00e9r\u00e9sb\u0151l kider\u00fcl, hogy a v\u00e1laszad\u00f3 c\u00e9gvezet\u0151k&nbsp;<strong>50 sz\u00e1zal\u00e9ka hetente besz\u00e9l a k\u00f6nyvel\u0151j\u00e9vel<\/strong>,&nbsp;<strong>14 sz\u00e1zal\u00e9kuk pedig napi kapcsolatban van<\/strong>&nbsp;a partner\u00e9vel k\u00f6nyvel\u00e9st \u00e9rint\u0151 \u00fcgyek kapcs\u00e1n.&nbsp;<strong>7 sz\u00e1zal\u00e9kuk egy\u00e1ltal\u00e1n nem is kommunik\u00e1l rendszeresen<\/strong>&nbsp;a sz\u00e1mviteli szak\u00e9rt\u0151vel, kiz\u00e1r\u00f3lag, ha nagyon fontos.<\/p>\n\n\n\n<figure class=\"wp-block-image size-full\"><img fetchpriority=\"high\" decoding=\"async\" width=\"1758\" height=\"1006\" src=\"https:\/\/icteuropa.hu\/wp-content\/uploads\/2024\/05\/Kepernyofoto_2023-09-25_-_10.09.03.png\" alt=\"\" class=\"wp-image-1507\" srcset=\"https:\/\/icteuropa.hu\/wp-content\/uploads\/2024\/05\/Kepernyofoto_2023-09-25_-_10.09.03.png 1758w, https:\/\/icteuropa.hu\/wp-content\/uploads\/2024\/05\/Kepernyofoto_2023-09-25_-_10.09.03-300x172.png 300w, https:\/\/icteuropa.hu\/wp-content\/uploads\/2024\/05\/Kepernyofoto_2023-09-25_-_10.09.03-1024x586.png 1024w, https:\/\/icteuropa.hu\/wp-content\/uploads\/2024\/05\/Kepernyofoto_2023-09-25_-_10.09.03-768x439.png 768w, https:\/\/icteuropa.hu\/wp-content\/uploads\/2024\/05\/Kepernyofoto_2023-09-25_-_10.09.03-1536x879.png 1536w\" sizes=\"(max-width: 1758px) 100vw, 1758px\" \/><\/figure>\n\n\n\n<div style=\"height:32px\" aria-hidden=\"true\" class=\"wp-block-spacer\"><\/div>\n\n\n\n<p>Arra a k\u00e9rd\u00e9sre, hogy milyen m\u00e9rt\u00e9kben \u00e9rzi, hogy kap kell\u0151 t\u00e1mogat\u00e1st \u00e9s tan\u00e1csot a k\u00f6nyvel\u0151j\u00e9t\u0151l, a c\u00e9gvezet\u0151k\u00a0<strong>51\u00a0sz\u00e1zal\u00e9ka adott 5-\u00f6s sk\u00e1l\u00e1n h\u00e1rmas vagy rosszabb<\/strong>\u00a0oszt\u00e1lyzatot a partner\u00e9r\u0151l, ami nem felt\u00e9telez hat\u00e9kony kommunik\u00e1ci\u00f3s egy\u00fcttm\u0171k\u00f6d\u00e9st.<\/p>\n\n\n\n<figure class=\"wp-block-image size-full\"><img decoding=\"async\" width=\"1784\" height=\"1002\" src=\"https:\/\/icteuropa.hu\/wp-content\/uploads\/2024\/05\/elegedett.png\" alt=\"\" class=\"wp-image-1508\" srcset=\"https:\/\/icteuropa.hu\/wp-content\/uploads\/2024\/05\/elegedett.png 1784w, https:\/\/icteuropa.hu\/wp-content\/uploads\/2024\/05\/elegedett-300x168.png 300w, https:\/\/icteuropa.hu\/wp-content\/uploads\/2024\/05\/elegedett-1024x575.png 1024w, https:\/\/icteuropa.hu\/wp-content\/uploads\/2024\/05\/elegedett-768x431.png 768w, https:\/\/icteuropa.hu\/wp-content\/uploads\/2024\/05\/elegedett-1536x863.png 1536w\" sizes=\"(max-width: 1784px) 100vw, 1784px\" \/><\/figure>\n\n\n\n<div style=\"height:32px\" aria-hidden=\"true\" class=\"wp-block-spacer\"><\/div>\n\n\n\n<p>A k\u00f6nyvel\u0151 vagy k\u00f6nyvel\u0151 iroda kiv\u00e1laszt\u00e1sakor a c\u00e9gvezet\u0151k\u00a0<strong>51 sz\u00e1zal\u00e9ka az aj\u00e1nl\u00e1sokban b\u00edzik<\/strong>, on\u00a0<strong>21 sz\u00e1zal\u00e9kuknak fontosak a kiv\u00e1lasztott referenci\u00e1i<\/strong>\u00a0is. Az<strong>\u00a0ipar\u00e1gi ismereteket, szaktud\u00e1st \u00e9s nyelvtud\u00e1st<\/strong>\u00a0mind\u00f6ssze a v\u00e1laszad\u00f3k\u00a0<strong>7 sz\u00e1zal\u00e9ka<\/strong>\u00a0jel\u00f6lte meg fontos szempontnak, m\u00edg a\u00a0<strong>komplex szolg\u00e1ltat\u00e1si palett\u00e1t 18 sz\u00e1zal\u00e9kuk<\/strong>. A referenci\u00e1k tekintet\u00e9ben a c\u00e9gvezet\u0151k a k\u00f6z\u00e9pv\u00e1llalati m\u00e9retb\u0151l ismert szerepl\u0151ket l\u00e1tnak sz\u00edvesen.<\/p>\n\n\n\n<figure class=\"wp-block-image size-full\"><img decoding=\"async\" width=\"1756\" height=\"1000\" src=\"https:\/\/icteuropa.hu\/wp-content\/uploads\/2024\/05\/Kepernyofoto_2023-09-25_-_10.13.00.png\" alt=\"\" class=\"wp-image-1510\" srcset=\"https:\/\/icteuropa.hu\/wp-content\/uploads\/2024\/05\/Kepernyofoto_2023-09-25_-_10.13.00.png 1756w, https:\/\/icteuropa.hu\/wp-content\/uploads\/2024\/05\/Kepernyofoto_2023-09-25_-_10.13.00-300x171.png 300w, https:\/\/icteuropa.hu\/wp-content\/uploads\/2024\/05\/Kepernyofoto_2023-09-25_-_10.13.00-1024x583.png 1024w, https:\/\/icteuropa.hu\/wp-content\/uploads\/2024\/05\/Kepernyofoto_2023-09-25_-_10.13.00-768x437.png 768w, https:\/\/icteuropa.hu\/wp-content\/uploads\/2024\/05\/Kepernyofoto_2023-09-25_-_10.13.00-1536x875.png 1536w\" sizes=\"(max-width: 1756px) 100vw, 1756px\" \/><\/figure>\n\n\n\n<div style=\"height:32px\" aria-hidden=\"true\" class=\"wp-block-spacer\"><\/div>\n\n\n\n<p>Fontos a szolg\u00e1ltat\u00e1si \u00e1r is a kiv\u00e1laszt\u00e1skor. A v\u00e1laszad\u00f3k\u00a0<strong>56 sz\u00e1zal\u00e9ka<\/strong>\u00a0v\u00e1laszolta azt, hogy\u00a0<strong>nem csak az \u00e1r sz\u00e1m\u00edt, de v\u00e9gs\u0151 soron d\u00f6nt\u0151 jelent\u0151s\u00e9g\u0171<\/strong>. A szolg\u00e1ltat\u00e1s \u00e1raz\u00e1si strukt\u00far\u00e1j\u00e1ban d\u00f6ntetlen alakult ki, hiszen\u00a0<strong>40,8 sz\u00e1zal\u00e9k<\/strong>\u00a0nyilatkozott \u00fagy, hogy\u00a0<strong>fix \u00e1rat prefer\u00e1l<\/strong>, illetve a v\u00e1laszad\u00f3k\u00a0<strong>40,8 sz\u00e1zal\u00e9ka pedig fix \u00e1rat, de f\u00e9l \u00e9vente-\u00e9vente fel\u00fclvizsg\u00e1lva<\/strong>\u00a0szeretne szerz\u0151dni a partner\u00e9vel. A c\u00e9gvezet\u0151k\u00a0<strong>18,4 sz\u00e1zal\u00e9ka a munkamennyis\u00e9get lek\u00f6vet\u0151 v\u00e1ltoz\u00f3 \u00e1rat<\/strong>\u00a0tartja korrektnek, hiszen vannak h\u00f3napok, amikor t\u00f6bb megrendel\u00e9s\u00fck, \u00edgy a k\u00f6nyvel\u00e9si feladatok is, illetve van olyan, amikor gyeng\u00e9bb h\u00f3napot futnak, akkor pedig kevesebb is a munka vel\u00fck.<\/p>\n\n\n\n<figure class=\"wp-block-image size-full\"><img loading=\"lazy\" decoding=\"async\" width=\"1760\" height=\"1004\" src=\"https:\/\/icteuropa.hu\/wp-content\/uploads\/2024\/05\/Kepernyofoto_2023-09-25_-_10.15.11.png\" alt=\"\" class=\"wp-image-1511\" srcset=\"https:\/\/icteuropa.hu\/wp-content\/uploads\/2024\/05\/Kepernyofoto_2023-09-25_-_10.15.11.png 1760w, https:\/\/icteuropa.hu\/wp-content\/uploads\/2024\/05\/Kepernyofoto_2023-09-25_-_10.15.11-300x171.png 300w, https:\/\/icteuropa.hu\/wp-content\/uploads\/2024\/05\/Kepernyofoto_2023-09-25_-_10.15.11-1024x584.png 1024w, https:\/\/icteuropa.hu\/wp-content\/uploads\/2024\/05\/Kepernyofoto_2023-09-25_-_10.15.11-768x438.png 768w, https:\/\/icteuropa.hu\/wp-content\/uploads\/2024\/05\/Kepernyofoto_2023-09-25_-_10.15.11-1536x876.png 1536w\" sizes=\"(max-width: 1760px) 100vw, 1760px\" \/><\/figure>\n\n\n\n<div style=\"height:32px\" aria-hidden=\"true\" class=\"wp-block-spacer\"><\/div>\n\n\n\n<p>Felel\u0151ss\u00e9gv\u00e1llal\u00e1s tekintet\u00e9ben is \u00e9rdekes eredm\u00e9nyeket mutat a felm\u00e9r\u00e9s. A v\u00e1laszad\u00f3k\u00a0<strong>48 sz\u00e1zal\u00e9ka<\/strong>\u00a0nyilatkozta azt, hogy a\u00a0<strong>partner\u00e9nek legyen szakmai felel\u0151ss\u00e9gbiztos\u00edt\u00e1sa, de a bevall\u00e1sokat nyugodtan beadhatja a c\u00e9gvezet\u0151 \u00fcgyf\u00e9lkapuj\u00e1n.<\/strong>\u00a0Az\u00e9rt \u00e9rdekes ez a v\u00e1lasz, mert amennyiben a k\u00f6nyvel\u0151 nem meghatalmazott \u00e9s nem saj\u00e1t nev\u00e9ben adja be a bevall\u00e1sokat, \u00fagy a felel\u0151ss\u00e9gbiztos\u00edt\u00f3ja biztosan nem fizet egy esetleges k\u00e1r\u00e9rt. Eg\u00e9sz pontosan az\u00e9rt, mert nem a szerz\u0151d\u00f6tt k\u00f6nyvel\u0151 nev\u00e9n ment be a hib\u00e1s bevall\u00e1s, hanem az \u00fcgyf\u00e9l\u00e9nek c\u00e9gvezet\u0151je nev\u00e9n.<\/p>\n\n\n\n<figure class=\"wp-block-image size-full\"><img loading=\"lazy\" decoding=\"async\" width=\"1762\" height=\"1002\" src=\"https:\/\/icteuropa.hu\/wp-content\/uploads\/2024\/05\/Kepernyofoto_2023-09-25_-_10.16.51.png\" alt=\"\" class=\"wp-image-1514\" srcset=\"https:\/\/icteuropa.hu\/wp-content\/uploads\/2024\/05\/Kepernyofoto_2023-09-25_-_10.16.51.png 1762w, https:\/\/icteuropa.hu\/wp-content\/uploads\/2024\/05\/Kepernyofoto_2023-09-25_-_10.16.51-300x171.png 300w, https:\/\/icteuropa.hu\/wp-content\/uploads\/2024\/05\/Kepernyofoto_2023-09-25_-_10.16.51-1024x582.png 1024w, https:\/\/icteuropa.hu\/wp-content\/uploads\/2024\/05\/Kepernyofoto_2023-09-25_-_10.16.51-768x437.png 768w, https:\/\/icteuropa.hu\/wp-content\/uploads\/2024\/05\/Kepernyofoto_2023-09-25_-_10.16.51-1536x873.png 1536w\" sizes=\"(max-width: 1762px) 100vw, 1762px\" \/><\/figure>\n\n\n\n<div style=\"height:32px\" aria-hidden=\"true\" class=\"wp-block-spacer\"><\/div>\n\n\n\n<p>A v\u00e1laszokb\u00f3l kider\u00fclt, hogy a c\u00e9gvezet\u0151k\u00a0<strong>legnagyobb ar\u00e1nyban<\/strong>\u00a0(29 sz\u00e1zal\u00e9k) az\u00e9rt v\u00e1ltottak legut\u00f3bb szolg\u00e1ltat\u00f3t, mert \u00fagy \u00e9rezt\u00e9k, hogy\u00a0<strong>t\u00faln\u0151t\u00e9k azokat \u00e9s a partner\u00fck nem tudott \u00fagy fejl\u0151dni<\/strong>, ahogy a c\u00e9g\u00fck v\u00e1ltoz\u00f3 ig\u00e9nyei, \u00fcgyletei m\u00e1r megk\u00f6vetelt\u00e9k volna. \u00c9rdekess\u00e9g, hogy a\u00a0<strong>m\u00e1sodik legnagyobb ar\u00e1nyban<\/strong>\u00a0(19,4 sz\u00e1zal\u00e9k)\u00a0<strong>szakmai hib\u00e1kat miatt<\/strong>\u00a0t\u00f6rt\u00e9nik a k\u00f6nyvel\u0151v\u00e1lt\u00e1s.<\/p>\n\n\n\n<figure class=\"wp-block-image size-full\"><img loading=\"lazy\" decoding=\"async\" width=\"1756\" height=\"998\" src=\"https:\/\/icteuropa.hu\/wp-content\/uploads\/2024\/05\/Kepernyofoto_2023-09-25_-_10.18.54.png\" alt=\"\" class=\"wp-image-1517\" srcset=\"https:\/\/icteuropa.hu\/wp-content\/uploads\/2024\/05\/Kepernyofoto_2023-09-25_-_10.18.54.png 1756w, https:\/\/icteuropa.hu\/wp-content\/uploads\/2024\/05\/Kepernyofoto_2023-09-25_-_10.18.54-300x171.png 300w, https:\/\/icteuropa.hu\/wp-content\/uploads\/2024\/05\/Kepernyofoto_2023-09-25_-_10.18.54-1024x582.png 1024w, https:\/\/icteuropa.hu\/wp-content\/uploads\/2024\/05\/Kepernyofoto_2023-09-25_-_10.18.54-768x436.png 768w, https:\/\/icteuropa.hu\/wp-content\/uploads\/2024\/05\/Kepernyofoto_2023-09-25_-_10.18.54-1536x873.png 1536w\" sizes=\"(max-width: 1756px) 100vw, 1756px\" \/><\/figure>\n\n\n\n<p><strong>T\u00e1j\u00e9koztat\u00f3 r\u00e9sz:<\/strong><\/p>\n\n\n\n<p><br>A felm\u00e9r\u00e9s 2023. j\u00fanius-szeptember k\u00f6z\u00f6tt k\u00e9sz\u00fclt, az ICT Eur\u00f3pa Finance Zrt. munkat\u00e1rsai v\u00e9gezt\u00e9k. Felm\u00e9r\u00e9s\u00fcnk szem\u00e9lyes, online \u00e9s telefonos egyeztet\u00e9sek sor\u00e1n j\u00f6tt l\u00e9tre, 102 hazai, a KKV szektorban dolgoz\u00f3 t\u00e1rsas\u00e1g tulajdonosaival, \u00fcgyvezet\u0151ivel, gazdas\u00e1gi vezet\u0151vel, d\u00f6nt\u00e9shoz\u00f3ival.<\/p>\n\n\n\n<p><br>A felm\u00e9r\u00e9s eredm\u00e9nyeit \u00f6sszefoglal\u00f3 jelen dokumentum az ICT Eur\u00f3pa Finance Zrt. tulajdon\u00e1t k\u00e9pezi.<\/p>\n\n\n\n<p><br>Jelen dokumentumban \u00e9s mell\u00e9klet\u00e9ben az abban foglalt valamennyi inform\u00e1ci\u00f3, adat \u00e9s az azokat bemutat\u00f3 diagramok kiz\u00e1r\u00f3lag az \u00e1ltal\u00e1nos t\u00e1j\u00e9koz\u00f3d\u00e1s, \u00e9rdekl\u0151d\u00e9s c\u00e9lj\u00e1t szolg\u00e1lj\u00e1k, nem min\u0151s\u00fclnek hivatalos reprezentat\u00edv felm\u00e9r\u00e9snek. Jelen dokumentumban \u00e9s annak mell\u00e9kleteiben megjelentetett inform\u00e1ci\u00f3k, adatok, diagramok felhaszn\u00e1l\u00e1s\u00e1b\u00f3l ered\u0151 k\u00f6zvetlen vagy k\u00f6zvetett k\u00e1r\u00e9rt az ICT Eur\u00f3pa Finance Zrt., sem kifejezett, sem v\u00e9lelmezett felel\u0151ss\u00e9get nem v\u00e1llal.&nbsp;<\/p>\n\n\n\n<div style=\"height:32px\" aria-hidden=\"true\" class=\"wp-block-spacer\"><\/div>","protected":false},"excerpt":{"rendered":"<p>A c\u00e9gvezet\u0151k nem kapnak megfelel\u0151 t\u00e1mogat\u00e1st \u00e9s tan\u00e1csokat a k\u00f6nyvel\u0151ikt\u0151l \u2013 der\u00fcl ki az ICT Eur\u00f3pa Finance Zrt. k\u00f6nyvel\u0151, b\u00e9rsz\u00e1mfejt\u0151 c\u00e9g \u00e1ltal k\u00e9sz\u00edtett felm\u00e9r\u00e9sb\u0151l.<\/p>","protected":false},"author":1,"featured_media":1495,"comment_status":"closed","ping_status":"closed","sticky":false,"template":"","format":"standard","meta":{"_acf_changed":false,"footnotes":""},"categories":[22],"tags":[],"class_list":["post-1501","post","type-post","status-publish","format-standard","has-post-thumbnail","hentry","category-penzugyi-szolgaltatasok"],"blocksy_meta":[],"acf":[],"yoast_head":"<!-- This site is optimized with the Yoast SEO plugin v27.4 - https:\/\/yoast.com\/product\/yoast-seo-wordpress\/ -->\n<title>K\u00f6nyvel\u0151ikt\u0151l jobb teljes\u00edtm\u00e9nyt v\u00e1rnak a hazai KKV vezet\u0151k! - ICTEuropa<\/title>\n<meta name=\"robots\" content=\"index, follow, max-snippet:-1, max-image-preview:large, max-video-preview:-1\" \/>\n<link rel=\"canonical\" href=\"https:\/\/icteuropa.hu\/en\/konyveloiktol-jobb-teljesitmenyt-varnak-a-hazai-kkv-vezetok\/\" \/>\n<meta property=\"og:locale\" content=\"en_US\" \/>\n<meta property=\"og:type\" content=\"article\" \/>\n<meta property=\"og:title\" content=\"K\u00f6nyvel\u0151ikt\u0151l jobb teljes\u00edtm\u00e9nyt v\u00e1rnak a hazai KKV vezet\u0151k! - ICTEuropa\" \/>\n<meta property=\"og:description\" content=\"A c\u00e9gvezet\u0151k nem kapnak megfelel\u0151 t\u00e1mogat\u00e1st \u00e9s tan\u00e1csokat a k\u00f6nyvel\u0151ikt\u0151l \u2013 der\u00fcl ki az ICT Eur\u00f3pa Finance Zrt. k\u00f6nyvel\u0151, b\u00e9rsz\u00e1mfejt\u0151 c\u00e9g \u00e1ltal k\u00e9sz\u00edtett felm\u00e9r\u00e9sb\u0151l.\" \/>\n<meta property=\"og:url\" content=\"https:\/\/icteuropa.hu\/en\/konyveloiktol-jobb-teljesitmenyt-varnak-a-hazai-kkv-vezetok\/\" \/>\n<meta property=\"og:site_name\" content=\"ICTEuropa\" \/>\n<meta property=\"article:published_time\" content=\"2024-05-19T20:23:54+00:00\" \/>\n<meta property=\"article:modified_time\" content=\"2024-07-09T08:51:46+00:00\" \/>\n<meta property=\"og:image\" content=\"https:\/\/icteuropa.hu\/wp-content\/uploads\/2024\/05\/blog-article-06.jpg\" \/>\n\t<meta property=\"og:image:width\" content=\"1137\" \/>\n\t<meta property=\"og:image:height\" content=\"600\" \/>\n\t<meta property=\"og:image:type\" content=\"image\/jpeg\" \/>\n<meta name=\"author\" content=\"admin\" \/>\n<meta name=\"twitter:card\" content=\"summary_large_image\" \/>\n<meta name=\"twitter:label1\" content=\"Written by\" \/>\n\t<meta name=\"twitter:data1\" content=\"admin\" \/>\n\t<meta name=\"twitter:label2\" content=\"Est. reading time\" \/>\n\t<meta name=\"twitter:data2\" content=\"4 minutes\" \/>\n<script type=\"application\/ld+json\" class=\"yoast-schema-graph\">{\"@context\":\"https:\\\/\\\/schema.org\",\"@graph\":[{\"@type\":\"Article\",\"@id\":\"https:\\\/\\\/icteuropa.hu\\\/konyveloiktol-jobb-teljesitmenyt-varnak-a-hazai-kkv-vezetok\\\/#article\",\"isPartOf\":{\"@id\":\"https:\\\/\\\/icteuropa.hu\\\/konyveloiktol-jobb-teljesitmenyt-varnak-a-hazai-kkv-vezetok\\\/\"},\"author\":{\"name\":\"admin\",\"@id\":\"https:\\\/\\\/icteuropa.hu\\\/#\\\/schema\\\/person\\\/72145ee414be95866cc45948898ce175\"},\"headline\":\"K\u00f6nyvel\u0151ikt\u0151l jobb teljes\u00edtm\u00e9nyt v\u00e1rnak a hazai KKV vezet\u0151k!\",\"datePublished\":\"2024-05-19T20:23:54+00:00\",\"dateModified\":\"2024-07-09T08:51:46+00:00\",\"mainEntityOfPage\":{\"@id\":\"https:\\\/\\\/icteuropa.hu\\\/konyveloiktol-jobb-teljesitmenyt-varnak-a-hazai-kkv-vezetok\\\/\"},\"wordCount\":874,\"publisher\":{\"@id\":\"https:\\\/\\\/icteuropa.hu\\\/#organization\"},\"image\":{\"@id\":\"https:\\\/\\\/icteuropa.hu\\\/konyveloiktol-jobb-teljesitmenyt-varnak-a-hazai-kkv-vezetok\\\/#primaryimage\"},\"thumbnailUrl\":\"https:\\\/\\\/icteuropa.hu\\\/wp-content\\\/uploads\\\/2024\\\/05\\\/blog-article-06.jpg\",\"articleSection\":[\"P\u00e9nz\u00fcgyi szolg\u00e1ltat\u00e1sok\"],\"inLanguage\":\"en-US\"},{\"@type\":\"WebPage\",\"@id\":\"https:\\\/\\\/icteuropa.hu\\\/konyveloiktol-jobb-teljesitmenyt-varnak-a-hazai-kkv-vezetok\\\/\",\"url\":\"https:\\\/\\\/icteuropa.hu\\\/konyveloiktol-jobb-teljesitmenyt-varnak-a-hazai-kkv-vezetok\\\/\",\"name\":\"K\u00f6nyvel\u0151ikt\u0151l jobb teljes\u00edtm\u00e9nyt v\u00e1rnak a hazai KKV vezet\u0151k! - ICTEuropa\",\"isPartOf\":{\"@id\":\"https:\\\/\\\/icteuropa.hu\\\/#website\"},\"primaryImageOfPage\":{\"@id\":\"https:\\\/\\\/icteuropa.hu\\\/konyveloiktol-jobb-teljesitmenyt-varnak-a-hazai-kkv-vezetok\\\/#primaryimage\"},\"image\":{\"@id\":\"https:\\\/\\\/icteuropa.hu\\\/konyveloiktol-jobb-teljesitmenyt-varnak-a-hazai-kkv-vezetok\\\/#primaryimage\"},\"thumbnailUrl\":\"https:\\\/\\\/icteuropa.hu\\\/wp-content\\\/uploads\\\/2024\\\/05\\\/blog-article-06.jpg\",\"datePublished\":\"2024-05-19T20:23:54+00:00\",\"dateModified\":\"2024-07-09T08:51:46+00:00\",\"breadcrumb\":{\"@id\":\"https:\\\/\\\/icteuropa.hu\\\/konyveloiktol-jobb-teljesitmenyt-varnak-a-hazai-kkv-vezetok\\\/#breadcrumb\"},\"inLanguage\":\"en-US\",\"potentialAction\":[{\"@type\":\"ReadAction\",\"target\":[\"https:\\\/\\\/icteuropa.hu\\\/konyveloiktol-jobb-teljesitmenyt-varnak-a-hazai-kkv-vezetok\\\/\"]}]},{\"@type\":\"ImageObject\",\"inLanguage\":\"en-US\",\"@id\":\"https:\\\/\\\/icteuropa.hu\\\/konyveloiktol-jobb-teljesitmenyt-varnak-a-hazai-kkv-vezetok\\\/#primaryimage\",\"url\":\"https:\\\/\\\/icteuropa.hu\\\/wp-content\\\/uploads\\\/2024\\\/05\\\/blog-article-06.jpg\",\"contentUrl\":\"https:\\\/\\\/icteuropa.hu\\\/wp-content\\\/uploads\\\/2024\\\/05\\\/blog-article-06.jpg\",\"width\":1137,\"height\":600},{\"@type\":\"BreadcrumbList\",\"@id\":\"https:\\\/\\\/icteuropa.hu\\\/konyveloiktol-jobb-teljesitmenyt-varnak-a-hazai-kkv-vezetok\\\/#breadcrumb\",\"itemListElement\":[{\"@type\":\"ListItem\",\"position\":1,\"name\":\"Home\",\"item\":\"https:\\\/\\\/icteuropa.hu\\\/\"},{\"@type\":\"ListItem\",\"position\":2,\"name\":\"K\u00f6nyvel\u0151ikt\u0151l jobb teljes\u00edtm\u00e9nyt v\u00e1rnak a hazai KKV vezet\u0151k!\"}]},{\"@type\":\"WebSite\",\"@id\":\"https:\\\/\\\/icteuropa.hu\\\/#website\",\"url\":\"https:\\\/\\\/icteuropa.hu\\\/\",\"name\":\"ICTEuropa\",\"description\":\"\",\"publisher\":{\"@id\":\"https:\\\/\\\/icteuropa.hu\\\/#organization\"},\"potentialAction\":[{\"@type\":\"SearchAction\",\"target\":{\"@type\":\"EntryPoint\",\"urlTemplate\":\"https:\\\/\\\/icteuropa.hu\\\/?s={search_term_string}\"},\"query-input\":{\"@type\":\"PropertyValueSpecification\",\"valueRequired\":true,\"valueName\":\"search_term_string\"}}],\"inLanguage\":\"en-US\"},{\"@type\":\"Organization\",\"@id\":\"https:\\\/\\\/icteuropa.hu\\\/#organization\",\"name\":\"ICTEuropa\",\"url\":\"https:\\\/\\\/icteuropa.hu\\\/\",\"logo\":{\"@type\":\"ImageObject\",\"inLanguage\":\"en-US\",\"@id\":\"https:\\\/\\\/icteuropa.hu\\\/#\\\/schema\\\/logo\\\/image\\\/\",\"url\":\"https:\\\/\\\/icteuropa.hu\\\/wp-content\\\/uploads\\\/2024\\\/04\\\/logo-nav-anim.gif\",\"contentUrl\":\"https:\\\/\\\/icteuropa.hu\\\/wp-content\\\/uploads\\\/2024\\\/04\\\/logo-nav-anim.gif\",\"width\":980,\"height\":120,\"caption\":\"ICTEuropa\"},\"image\":{\"@id\":\"https:\\\/\\\/icteuropa.hu\\\/#\\\/schema\\\/logo\\\/image\\\/\"}},{\"@type\":\"Person\",\"@id\":\"https:\\\/\\\/icteuropa.hu\\\/#\\\/schema\\\/person\\\/72145ee414be95866cc45948898ce175\",\"name\":\"admin\",\"sameAs\":[\"https:\\\/\\\/icteuropa.hu\"],\"url\":\"https:\\\/\\\/icteuropa.hu\\\/en\\\/author\\\/admin\\\/\"}]}<\/script>\n<!-- \/ Yoast SEO plugin. -->","yoast_head_json":{"title":"K\u00f6nyvel\u0151ikt\u0151l jobb teljes\u00edtm\u00e9nyt v\u00e1rnak a hazai KKV vezet\u0151k! - ICTEuropa","robots":{"index":"index","follow":"follow","max-snippet":"max-snippet:-1","max-image-preview":"max-image-preview:large","max-video-preview":"max-video-preview:-1"},"canonical":"https:\/\/icteuropa.hu\/en\/konyveloiktol-jobb-teljesitmenyt-varnak-a-hazai-kkv-vezetok\/","og_locale":"en_US","og_type":"article","og_title":"K\u00f6nyvel\u0151ikt\u0151l jobb teljes\u00edtm\u00e9nyt v\u00e1rnak a hazai KKV vezet\u0151k! - ICTEuropa","og_description":"A c\u00e9gvezet\u0151k nem kapnak megfelel\u0151 t\u00e1mogat\u00e1st \u00e9s tan\u00e1csokat a k\u00f6nyvel\u0151ikt\u0151l \u2013 der\u00fcl ki az ICT Eur\u00f3pa Finance Zrt. k\u00f6nyvel\u0151, b\u00e9rsz\u00e1mfejt\u0151 c\u00e9g \u00e1ltal k\u00e9sz\u00edtett felm\u00e9r\u00e9sb\u0151l.","og_url":"https:\/\/icteuropa.hu\/en\/konyveloiktol-jobb-teljesitmenyt-varnak-a-hazai-kkv-vezetok\/","og_site_name":"ICTEuropa","article_published_time":"2024-05-19T20:23:54+00:00","article_modified_time":"2024-07-09T08:51:46+00:00","og_image":[{"width":1137,"height":600,"url":"https:\/\/icteuropa.hu\/wp-content\/uploads\/2024\/05\/blog-article-06.jpg","type":"image\/jpeg"}],"author":"admin","twitter_card":"summary_large_image","twitter_misc":{"Written by":"admin","Est. reading time":"4 minutes"},"schema":{"@context":"https:\/\/schema.org","@graph":[{"@type":"Article","@id":"https:\/\/icteuropa.hu\/konyveloiktol-jobb-teljesitmenyt-varnak-a-hazai-kkv-vezetok\/#article","isPartOf":{"@id":"https:\/\/icteuropa.hu\/konyveloiktol-jobb-teljesitmenyt-varnak-a-hazai-kkv-vezetok\/"},"author":{"name":"admin","@id":"https:\/\/icteuropa.hu\/#\/schema\/person\/72145ee414be95866cc45948898ce175"},"headline":"K\u00f6nyvel\u0151ikt\u0151l jobb teljes\u00edtm\u00e9nyt v\u00e1rnak a hazai KKV vezet\u0151k!","datePublished":"2024-05-19T20:23:54+00:00","dateModified":"2024-07-09T08:51:46+00:00","mainEntityOfPage":{"@id":"https:\/\/icteuropa.hu\/konyveloiktol-jobb-teljesitmenyt-varnak-a-hazai-kkv-vezetok\/"},"wordCount":874,"publisher":{"@id":"https:\/\/icteuropa.hu\/#organization"},"image":{"@id":"https:\/\/icteuropa.hu\/konyveloiktol-jobb-teljesitmenyt-varnak-a-hazai-kkv-vezetok\/#primaryimage"},"thumbnailUrl":"https:\/\/icteuropa.hu\/wp-content\/uploads\/2024\/05\/blog-article-06.jpg","articleSection":["P\u00e9nz\u00fcgyi szolg\u00e1ltat\u00e1sok"],"inLanguage":"en-US"},{"@type":"WebPage","@id":"https:\/\/icteuropa.hu\/konyveloiktol-jobb-teljesitmenyt-varnak-a-hazai-kkv-vezetok\/","url":"https:\/\/icteuropa.hu\/konyveloiktol-jobb-teljesitmenyt-varnak-a-hazai-kkv-vezetok\/","name":"K\u00f6nyvel\u0151ikt\u0151l jobb teljes\u00edtm\u00e9nyt v\u00e1rnak a hazai KKV vezet\u0151k! - ICTEuropa","isPartOf":{"@id":"https:\/\/icteuropa.hu\/#website"},"primaryImageOfPage":{"@id":"https:\/\/icteuropa.hu\/konyveloiktol-jobb-teljesitmenyt-varnak-a-hazai-kkv-vezetok\/#primaryimage"},"image":{"@id":"https:\/\/icteuropa.hu\/konyveloiktol-jobb-teljesitmenyt-varnak-a-hazai-kkv-vezetok\/#primaryimage"},"thumbnailUrl":"https:\/\/icteuropa.hu\/wp-content\/uploads\/2024\/05\/blog-article-06.jpg","datePublished":"2024-05-19T20:23:54+00:00","dateModified":"2024-07-09T08:51:46+00:00","breadcrumb":{"@id":"https:\/\/icteuropa.hu\/konyveloiktol-jobb-teljesitmenyt-varnak-a-hazai-kkv-vezetok\/#breadcrumb"},"inLanguage":"en-US","potentialAction":[{"@type":"ReadAction","target":["https:\/\/icteuropa.hu\/konyveloiktol-jobb-teljesitmenyt-varnak-a-hazai-kkv-vezetok\/"]}]},{"@type":"ImageObject","inLanguage":"en-US","@id":"https:\/\/icteuropa.hu\/konyveloiktol-jobb-teljesitmenyt-varnak-a-hazai-kkv-vezetok\/#primaryimage","url":"https:\/\/icteuropa.hu\/wp-content\/uploads\/2024\/05\/blog-article-06.jpg","contentUrl":"https:\/\/icteuropa.hu\/wp-content\/uploads\/2024\/05\/blog-article-06.jpg","width":1137,"height":600},{"@type":"BreadcrumbList","@id":"https:\/\/icteuropa.hu\/konyveloiktol-jobb-teljesitmenyt-varnak-a-hazai-kkv-vezetok\/#breadcrumb","itemListElement":[{"@type":"ListItem","position":1,"name":"Home","item":"https:\/\/icteuropa.hu\/"},{"@type":"ListItem","position":2,"name":"K\u00f6nyvel\u0151ikt\u0151l jobb teljes\u00edtm\u00e9nyt v\u00e1rnak a hazai KKV vezet\u0151k!"}]},{"@type":"WebSite","@id":"https:\/\/icteuropa.hu\/#website","url":"https:\/\/icteuropa.hu\/","name":"ICTEuropa","description":"","publisher":{"@id":"https:\/\/icteuropa.hu\/#organization"},"potentialAction":[{"@type":"SearchAction","target":{"@type":"EntryPoint","urlTemplate":"https:\/\/icteuropa.hu\/?s={search_term_string}"},"query-input":{"@type":"PropertyValueSpecification","valueRequired":true,"valueName":"search_term_string"}}],"inLanguage":"en-US"},{"@type":"Organization","@id":"https:\/\/icteuropa.hu\/#organization","name":"ICTEuropa","url":"https:\/\/icteuropa.hu\/","logo":{"@type":"ImageObject","inLanguage":"en-US","@id":"https:\/\/icteuropa.hu\/#\/schema\/logo\/image\/","url":"https:\/\/icteuropa.hu\/wp-content\/uploads\/2024\/04\/logo-nav-anim.gif","contentUrl":"https:\/\/icteuropa.hu\/wp-content\/uploads\/2024\/04\/logo-nav-anim.gif","width":980,"height":120,"caption":"ICTEuropa"},"image":{"@id":"https:\/\/icteuropa.hu\/#\/schema\/logo\/image\/"}},{"@type":"Person","@id":"https:\/\/icteuropa.hu\/#\/schema\/person\/72145ee414be95866cc45948898ce175","name":"admin","sameAs":["https:\/\/icteuropa.hu"],"url":"https:\/\/icteuropa.hu\/en\/author\/admin\/"}]}},"_links":{"self":[{"href":"https:\/\/icteuropa.hu\/en\/wp-json\/wp\/v2\/posts\/1501","targetHints":{"allow":["GET"]}}],"collection":[{"href":"https:\/\/icteuropa.hu\/en\/wp-json\/wp\/v2\/posts"}],"about":[{"href":"https:\/\/icteuropa.hu\/en\/wp-json\/wp\/v2\/types\/post"}],"author":[{"embeddable":true,"href":"https:\/\/icteuropa.hu\/en\/wp-json\/wp\/v2\/users\/1"}],"replies":[{"embeddable":true,"href":"https:\/\/icteuropa.hu\/en\/wp-json\/wp\/v2\/comments?post=1501"}],"version-history":[{"count":0,"href":"https:\/\/icteuropa.hu\/en\/wp-json\/wp\/v2\/posts\/1501\/revisions"}],"wp:featuredmedia":[{"embeddable":true,"href":"https:\/\/icteuropa.hu\/en\/wp-json\/wp\/v2\/media\/1495"}],"wp:attachment":[{"href":"https:\/\/icteuropa.hu\/en\/wp-json\/wp\/v2\/media?parent=1501"}],"wp:term":[{"taxonomy":"category","embeddable":true,"href":"https:\/\/icteuropa.hu\/en\/wp-json\/wp\/v2\/categories?post=1501"},{"taxonomy":"post_tag","embeddable":true,"href":"https:\/\/icteuropa.hu\/en\/wp-json\/wp\/v2\/tags?post=1501"}],"curies":[{"name":"wp","href":"https:\/\/api.w.org\/{rel}","templated":true}]}}