{"id":19815,"date":"2026-08-31T08:15:47","date_gmt":"2026-08-31T08:15:47","guid":{"rendered":"https:\/\/icteuropa.hu\/?p=19815"},"modified":"2026-09-01T12:16:28","modified_gmt":"2026-09-01T12:16:28","slug":"rugalmas-kapacitas-kiszamithato-koltseg-igy-valhat-a-diakfoglalkoztatas-uzleti-elonnye","status":"publish","type":"post","link":"https:\/\/icteuropa.hu\/en\/rugalmas-kapacitas-kiszamithato-koltseg-igy-valhat-a-diakfoglalkoztatas-uzleti-elonnye\/","title":{"rendered":"Rugalmas kapacit\u00e1s, kisz\u00e1m\u00edthat\u00f3 k\u00f6lts\u00e9g: \u00edgy v\u00e1lhat a di\u00e1kfoglalkoztat\u00e1s \u00fczleti el\u0151nny\u00e9"},"content":{"rendered":"<div data-elementor-type=\"wp-post\" data-elementor-id=\"19815\" class=\"elementor elementor-19815\" data-elementor-post-type=\"post\">\n\t\t\t\t<div class=\"elementor-element elementor-element-131a73f e-flex e-con-boxed e-con e-parent\" data-id=\"131a73f\" data-element_type=\"container\" data-e-type=\"container\">\n\t\t\t\t\t<div class=\"e-con-inner\">\n\t\t<div class=\"elementor-element elementor-element-4795277 e-con-full e-flex e-con e-child\" data-id=\"4795277\" data-element_type=\"container\" data-e-type=\"container\">\n\t\t<div class=\"elementor-element elementor-element-af748ce e-con-full e-flex e-con e-child\" data-id=\"af748ce\" data-element_type=\"container\" data-e-type=\"container\">\n\t\t<div class=\"elementor-element elementor-element-0e451bb e-con-full e-flex e-con e-child\" data-id=\"0e451bb\" data-element_type=\"container\" data-e-type=\"container\">\n\t\t<div class=\"elementor-element elementor-element-d040673 e-con-full e-flex e-con e-child\" data-id=\"d040673\" data-element_type=\"container\" data-e-type=\"container\">\n\t\t<div class=\"elementor-element elementor-element-a643330 e-con-full e-flex e-con e-child\" data-id=\"a643330\" data-element_type=\"container\" data-e-type=\"container\">\n\t\t<div class=\"elementor-element elementor-element-744076f e-con-full e-flex e-con e-child\" data-id=\"744076f\" data-element_type=\"container\" data-e-type=\"container\">\n\t\t<div class=\"elementor-element elementor-element-4dab8e8 e-con-full e-flex e-con e-child\" data-id=\"4dab8e8\" data-element_type=\"container\" data-e-type=\"container\">\n\t\t<div class=\"elementor-element elementor-element-63c669f e-con-full e-flex e-con e-child\" data-id=\"63c669f\" data-element_type=\"container\" data-e-type=\"container\">\n\t\t\t\t<div class=\"elementor-element elementor-element-536c1c2 elementor-widget elementor-widget-heading\" data-id=\"536c1c2\" data-element_type=\"widget\" data-e-type=\"widget\" data-widget_type=\"heading.default\">\n\t\t\t\t<div class=\"elementor-widget-container\">\n\t\t\t\t\t<h1 class=\"elementor-heading-title elementor-size-default\">Rugalmas kapacit\u00e1s, kisz\u00e1m\u00edthat\u00f3 k\u00f6lts\u00e9g: \u00edgy v\u00e1lhat a di\u00e1kfoglalkoztat\u00e1s \u00fczleti el\u0151nny\u00e9<\/h1>\t\t\t\t<\/div>\n\t\t\t\t<\/div>\n\t\t\t\t<div class=\"elementor-element elementor-element-eedccc8 elementor-widget elementor-widget-text-editor\" data-id=\"eedccc8\" data-element_type=\"widget\" data-e-type=\"widget\" data-widget_type=\"text-editor.default\">\n\t\t\t\t<div class=\"elementor-widget-container\">\n\t\t\t\t\t\t\t\t\t<p><span style=\"font-weight: 400;\">Az iskolasz\u00f6vetkezeti modell nem egyszer\u0171 l\u00e9tsz\u00e1mp\u00f3tl\u00e1s. J\u00f3l fel\u00e9p\u00edtve olyan munkaer\u0151-strat\u00e9giai eszk\u00f6z, amely gyors reakci\u00f3t, pontosabb k\u00f6lts\u00e9gkontrollt \u00e9s tehermentes\u00edtett bels\u0151 m\u0171k\u00f6d\u00e9st adhat.<\/span><\/p><p><span style=\"font-weight: 400;\">Amikor a kereslet gyorsabban v\u00e1ltozik, mint ahogy a saj\u00e1t \u00e1llom\u00e1ny b\u0151v\u00edthet\u0151, a munkaer\u0151hi\u00e1ny m\u00e1r nem puszt\u00e1n HR-k\u00e9rd\u00e9s, hanem \u00e1rbev\u00e9teli \u00e9s m\u0171k\u00f6d\u00e9si kock\u00e1zat. Szezon\u00e1lis cs\u00facsokn\u00e1l, kamp\u00e1nyokn\u00e1l, \u00faj telephely indul\u00e1sakor vagy v\u00e1ratlan kies\u00e9sekn\u00e9l a vezet\u0151i k\u00e9rd\u00e9s az, hogy hogyan biztos\u00edthat\u00f3 gyorsan t\u00f6bbletkapacit\u00e1s \u00fagy, hogy a k\u00f6lts\u00e9g \u00e9s az adminisztr\u00e1ci\u00f3 v\u00e9gig kontroll\u00e1lhat\u00f3 maradjon?<\/span><\/p><p><span style=\"font-weight: 400;\">Az iskolasz\u00f6vetkezeten kereszt\u00fcli di\u00e1kfoglalkoztat\u00e1s erre adhat struktur\u00e1lt v\u00e1laszt. Az ICT Lionsdi\u00e1k a megfelel\u0151 di\u00e1kok bevon\u00e1s\u00e1t, a foglalkoztat\u00e1shoz kapcsol\u00f3d\u00f3 h\u00e1tt\u00e9rfolyamatokat \u00e9s az elsz\u00e1mol\u00e1st egy digit\u00e1lisan k\u00f6vethet\u0151 szolg\u00e1ltat\u00e1sba rendezi. A v\u00e1llalkoz\u00e1s a sz\u00fcks\u00e9ges kapacit\u00e1st kapja, mik\u00f6zben a szervez\u00e9si \u00e9s adminisztrat\u00edv feladatok jelent\u0151s r\u00e9sz\u00e9t szak\u00e9rt\u0151 partner kezeli.<\/span><\/p>\t\t\t\t\t\t\t\t<\/div>\n\t\t\t\t<\/div>\n\t\t\t\t<div class=\"elementor-element elementor-element-837e4bd elementor-widget elementor-widget-heading\" data-id=\"837e4bd\" data-element_type=\"widget\" data-e-type=\"widget\" data-widget_type=\"heading.default\">\n\t\t\t\t<div class=\"elementor-widget-container\">\n\t\t\t\t\t<h2 class=\"elementor-heading-title elementor-size-default\">A k\u00f6lts\u00e9g a t\u00e9nyleges teljes\u00edt\u00e9st k\u00f6veti<\/h2>\t\t\t\t<\/div>\n\t\t\t\t<\/div>\n\t\t\t\t<\/div>\n\t\t<div class=\"elementor-element elementor-element-554e485 e-con-full e-flex e-con e-child\" data-id=\"554e485\" data-element_type=\"container\" data-e-type=\"container\">\n\t\t\t\t<div class=\"elementor-element elementor-element-c358608 elementor-widget elementor-widget-text-editor\" data-id=\"c358608\" data-element_type=\"widget\" data-e-type=\"widget\" data-widget_type=\"text-editor.default\">\n\t\t\t\t<div class=\"elementor-widget-container\">\n\t\t\t\t\t\t\t\t\t<p><span style=\"font-weight: 400;\">Vezet\u0151i szempontb\u00f3l a di\u00e1kfoglalkoztat\u00e1s egyik legfontosabb el\u0151nye nem \u00f6nmag\u00e1ban az \u00f3rad\u00edj, hanem a k\u00f6lts\u00e9g v\u00e1ltoz\u00f3 jellege. Az ICT Lionsdi\u00e1k konstrukci\u00f3j\u00e1ban az elsz\u00e1mol\u00e1s alapja a t\u00e9nylegesen ledolgozott \u00e9s a partner \u00e1ltal j\u00f3v\u00e1hagyott \u00f3rasz\u00e1m. Ha egy m\u0171szak meghi\u00fasul, vagy a tervezettn\u00e9l kevesebb \u00f3ra teljes\u00fcl, a partnernek nem kell nem teljes\u00edtett id\u0151 ut\u00e1n fizetnie.<\/span><\/p><p><span style=\"font-weight: 400;\">Az el\u0151re egyeztetett szolg\u00e1ltat\u00e1si \u00f3rad\u00edj a kapcsol\u00f3d\u00f3 b\u00e9rsz\u00e1mfejt\u00e9si \u00e9s adminisztrat\u00edv feladatokat is \u00e1tl\u00e1that\u00f3 k\u00f6lts\u00e9gg\u00e9 alak\u00edtja. \u00cdgy a munkaer\u0151-r\u00e1ford\u00edt\u00e1s k\u00f6zvetlenebb\u00fcl igaz\u00edthat\u00f3 a forgalomhoz, a gy\u00e1rt\u00e1si tervhez vagy a projektterhel\u00e9shez, ami pontosabb el\u0151rejelz\u00e9st \u00e9s kevesebb kihaszn\u00e1latlan kapacit\u00e1st tesz lehet\u0151v\u00e9.<\/span><\/p><p><span style=\"font-weight: 400;\">Ez a logika elt\u00e9r az egyszer\u0171s\u00edtett foglalkoztat\u00e1st\u00f3l (EFO). Az EFO napi alap\u00fa k\u00f6zteherrel, k\u00f6t\u00f6tt bejelent\u00e9si \u00e9s m\u00f3dos\u00edt\u00e1si szab\u00e1lyokkal, valamint id\u0151beli korl\u00e1tokkal m\u0171k\u00f6dik; n\u00e9h\u00e1ny \u00f3r\u00e1s munkav\u00e9gz\u00e9s is egy teljes EFO-napot haszn\u00e1l fel. Az iskolasz\u00f6vetkezeti elsz\u00e1mol\u00e1s ezzel szemben \u00f3rad\u00edjalap\u00fa, ez\u00e9rt szorosabban k\u00f6vetheti a t\u00e9nyleges kapacit\u00e1sfelhaszn\u00e1l\u00e1st.<\/span><\/p>\t\t\t\t\t\t\t\t<\/div>\n\t\t\t\t<\/div>\n\t\t<div class=\"elementor-element elementor-element-f994a71 e-con-full e-flex e-con e-child\" data-id=\"f994a71\" data-element_type=\"container\" data-e-type=\"container\" data-settings=\"{&quot;background_background&quot;:&quot;classic&quot;}\">\n\t\t\t\t<div class=\"elementor-element elementor-element-ab1fa8f elementor-widget__width-initial elementor-widget elementor-widget-text-editor\" data-id=\"ab1fa8f\" data-element_type=\"widget\" data-e-type=\"widget\" data-widget_type=\"text-editor.default\">\n\t\t\t\t<div class=\"elementor-widget-container\">\n\t\t\t\t\t\t\t\t\t<p><span style=\"font-weight: 400;\"><strong>A konstrukci\u00f3 a di\u00e1kok sz\u00e1m\u00e1ra is vonz\u00f3 lehet.<\/strong><br \/>A felt\u00e9teleknek megfelel\u0151 <strong>25 \u00e9v alatti fiatal 2026-ban jogosults\u00e1gi h\u00f3naponk\u00e9nt 715 765 forintig nem fizet 15 sz\u00e1zal\u00e9k szem\u00e9lyi j\u00f6vedelemad\u00f3t az \u00e9rintett j\u00f6vedelmei ut\u00e1n.<\/strong> A kedvez\u0151bb nett\u00f3 kereseti lehet\u0151s\u00e9g er\u0151s\u00edtheti a toborz\u00e1st \u00e9s a megtart\u00e1st, ami a partner sz\u00e1m\u00e1ra stabilabb rendelkez\u00e9sre \u00e1ll\u00e1st jelenthet.<\/span><\/p>\t\t\t\t\t\t\t\t<\/div>\n\t\t\t\t<\/div>\n\t\t\t\t<\/div>\n\t\t\t\t<div class=\"elementor-element elementor-element-e8ae385 elementor-widget elementor-widget-heading\" data-id=\"e8ae385\" data-element_type=\"widget\" data-e-type=\"widget\" data-widget_type=\"heading.default\">\n\t\t\t\t<div class=\"elementor-widget-container\">\n\t\t\t\t\t<h2 class=\"elementor-heading-title elementor-size-default\">A kapacit\u00e1s a m\u0171k\u00f6d\u00e9s ritmus\u00e1hoz igaz\u00edthat\u00f3<\/h2>\t\t\t\t<\/div>\n\t\t\t\t<\/div>\n\t\t\t\t<div class=\"elementor-element elementor-element-c20853b elementor-widget elementor-widget-text-editor\" data-id=\"c20853b\" data-element_type=\"widget\" data-e-type=\"widget\" data-widget_type=\"text-editor.default\">\n\t\t\t\t<div class=\"elementor-widget-container\">\n\t\t\t\t\t\t\t\t\t<p><span style=\"font-weight: 400;\">A kereskedelemben, a vend\u00e9gl\u00e1t\u00e1sban, a logisztik\u00e1ban, a gy\u00e1rt\u00e1sban \u00e9s az irodai t\u00e1mogat\u00f3 ter\u00fcleteken is gyakori, hogy a l\u00e9tsz\u00e1mig\u00e9ny h\u00e9tr\u0151l h\u00e9tre v\u00e1ltozik. Az iskolasz\u00f6vetkezeti modell lehet\u0151v\u00e9 teszi, hogy a v\u00e1llalkoz\u00e1s ne minden cs\u00facsid\u0151szakra tart\u00f3san n\u00f6velje a saj\u00e1t \u00e1llom\u00e1ny\u00e1t, hanem a sz\u00fcks\u00e9ges id\u0151szakokra vonjon be t\u00f6bbletkapacit\u00e1st.<\/span><\/p><p><span style=\"font-weight: 400;\">A val\u00f3di rugalmass\u00e1g azonban nem ad hoc l\u00e9tsz\u00e1mp\u00f3tl\u00e1st jelent. A j\u00f3l le\u00edrt feladatok, a gyors betan\u00edt\u00e1s, az el\u0151re tervezett m\u0171szakok \u00e9s a rendszeres visszajelz\u00e9s teszik lehet\u0151v\u00e9, hogy kialakuljon egy megb\u00edzhat\u00f3, a munkak\u00f6rt \u00e9s a v\u00e1llalati k\u00f6rnyezetet m\u00e1r ismer\u0151 di\u00e1kk\u00f6r. \u0150k sz\u00fcks\u00e9g eset\u00e9n gyorsabban \u00fajra bevonhat\u00f3k, mik\u00f6zben a tanulm\u00e1nyokhoz igazod\u00f3 r\u00e9szmunkaid\u0151s vagy v\u00e1ltoz\u00f3 beoszt\u00e1s sok fiatal sz\u00e1m\u00e1ra is v\u00e1llalhat\u00f3 marad.<\/span><\/p><p><span style=\"font-weight: 400;\">Az eredm\u00e9ny: cs\u00facsid\u0151ben rendelkez\u00e9sre \u00e1ll\u00f3 t\u00f6bbletkapacit\u00e1s, nyugodtabb id\u0151szakban pedig kevesebb kihaszn\u00e1latlan fix l\u00e9tsz\u00e1m.<\/span><\/p>\t\t\t\t\t\t\t\t<\/div>\n\t\t\t\t<\/div>\n\t\t\t\t<div class=\"elementor-element elementor-element-aa3f7aa elementor-widget elementor-widget-heading\" data-id=\"aa3f7aa\" data-element_type=\"widget\" data-e-type=\"widget\" data-widget_type=\"heading.default\">\n\t\t\t\t<div class=\"elementor-widget-container\">\n\t\t\t\t\t<h2 class=\"elementor-heading-title elementor-size-default\">A h\u00e1tt\u00e9rfolyamatok jelent\u0151s r\u00e9sz\u00e9t az ICT Lionsdi\u00e1k kezeli<\/h2>\t\t\t\t<\/div>\n\t\t\t\t<\/div>\n\t\t\t\t<div class=\"elementor-element elementor-element-c62eb8e elementor-widget elementor-widget-text-editor\" data-id=\"c62eb8e\" data-element_type=\"widget\" data-e-type=\"widget\" data-widget_type=\"text-editor.default\">\n\t\t\t\t<div class=\"elementor-widget-container\">\n\t\t\t\t\t\t\t\t\t<p><span style=\"font-weight: 400;\">A di\u00e1kmunka megszervez\u00e9se \u00f6n\u00e1ll\u00f3 adminisztrat\u00edv folyamat: nem \u00e9r v\u00e9get a jelentkez\u0151k megtal\u00e1l\u00e1s\u00e1n\u00e1l. Az ICT Lionsdi\u00e1k szolg\u00e1ltat\u00e1s\u00e1ban egy k\u00e9zben kezelhet\u0151k:<\/span><\/p><ul><li style=\"font-weight: 400;\" aria-level=\"1\"><span style=\"font-weight: 400;\">a di\u00e1kok toborz\u00e1sa, regisztr\u00e1ci\u00f3ja \u00e9s a sz\u00fcks\u00e9ges adatok bek\u00e9r\u00e9se;<\/span><\/li><li style=\"font-weight: 400;\" aria-level=\"1\"><span style=\"font-weight: 400;\">a tanul\u00f3i vagy hallgat\u00f3i jogviszony, a jogosults\u00e1gok, a szerz\u0151d\u00e9sek \u00e9s a dokumentumok ellen\u0151rz\u00e9se;<\/span><\/li><li style=\"font-weight: 400;\" aria-level=\"1\"><span style=\"font-weight: 400;\">a j\u00f3v\u00e1hagyott munka\u00f3r\u00e1k alapj\u00e1n v\u00e9gzett b\u00e9rsz\u00e1mfejt\u00e9s, utal\u00e1s, b\u00e9rpap\u00edr, bevall\u00e1s \u00e9s igazol\u00e1s;<\/span><\/li><li style=\"font-weight: 400;\" aria-level=\"1\"><span style=\"font-weight: 400;\">a relev\u00e1ns jogszab\u00e1lyv\u00e1ltoz\u00e1sok k\u00f6vet\u00e9se, valamint a sz\u00fcks\u00e9ges hat\u00f3s\u00e1gi adatszolg\u00e1ltat\u00e1s \u00e9s NAV-kapcsolattart\u00e1s.<\/span><\/li><\/ul><p><span style=\"font-weight: 400;\">Az ICT Lionsdi\u00e1k a di\u00e1kok mindennapi adminisztrat\u00edv k\u00e9rd\u00e9seit is kezeli, p\u00e9ld\u00e1ul t\u00e1mogat\u00e1st ny\u00fajt a munk\u00e1ba \u00e1ll\u00e1sn\u00e1l vagy az igazol\u00e1sok int\u00e9z\u00e9s\u00e9n\u00e9l. \u00cdgy ezek az \u00fcgyek nem automatikusan a partner HR-es\u00e9n\u00e9l vagy vezet\u0151j\u00e9n\u00e9l landolnak.<\/span><\/p><p><span style=\"font-weight: 400;\">C\u00e9gvezet\u0151i szinten ennek \u00e9rt\u00e9ke t\u00falmutat az id\u0151megtakar\u00edt\u00e1son: tiszt\u00e1bb felel\u0151ss\u00e9gi k\u00f6r\u00f6ket, kisebb bels\u0151 koordin\u00e1ci\u00f3s terhet \u00e9s alacsonyabb adminisztrat\u00edv hibakock\u00e1zatot jelenthet.<\/span><\/p>\t\t\t\t\t\t\t\t<\/div>\n\t\t\t\t<\/div>\n\t\t<div class=\"elementor-element elementor-element-c6bcbd5 e-con-full e-flex e-con e-child\" data-id=\"c6bcbd5\" data-element_type=\"container\" data-e-type=\"container\" data-settings=\"{&quot;background_background&quot;:&quot;classic&quot;}\">\n\t\t\t\t<div class=\"elementor-element elementor-element-3ac58e0 elementor-widget__width-initial elementor-widget elementor-widget-text-editor\" data-id=\"3ac58e0\" data-element_type=\"widget\" data-e-type=\"widget\" data-widget_type=\"text-editor.default\">\n\t\t\t\t<div class=\"elementor-widget-container\">\n\t\t\t\t\t\t\t\t\t<p>Szeretn\u00e9m megn\u00e9zni, hogyan igaz\u00edthat\u00f3 a mun kaer\u0151-kapacit\u00e1s a t\u00e9nyleges terhel\u00e9ssel di\u00e1kok seg\u00edts\u00e9g\u00e9vel.<\/p>\t\t\t\t\t\t\t\t<\/div>\n\t\t\t\t<\/div>\n\t\t\t\t<div class=\"elementor-element elementor-element-1f6cf06 elementor-widget elementor-widget-button\" data-id=\"1f6cf06\" data-element_type=\"widget\" data-e-type=\"widget\" data-widget_type=\"button.default\">\n\t\t\t\t<div class=\"elementor-widget-container\">\n\t\t\t\t\t\t\t\t\t<div class=\"elementor-button-wrapper\">\n\t\t\t\t\t<a class=\"elementor-button elementor-button-link elementor-size-sm\" href=\"https:\/\/icteuropa.hu\/en\/ict-lions-iskolaszovetkezet\/\">\n\t\t\t\t\t\t<span class=\"elementor-button-content-wrapper\">\n\t\t\t\t\t\t\t\t\t<span class=\"elementor-button-text\">\u00c9rdekel az ICT Lionsdi\u00e1k iskolasz\u00f6vetkezet!<\/span>\n\t\t\t\t\t<\/span>\n\t\t\t\t\t<\/a>\n\t\t\t\t<\/div>\n\t\t\t\t\t\t\t\t<\/div>\n\t\t\t\t<\/div>\n\t\t\t\t<\/div>\n\t\t\t\t<div class=\"elementor-element elementor-element-5166152 elementor-widget elementor-widget-heading\" data-id=\"5166152\" data-element_type=\"widget\" data-e-type=\"widget\" data-widget_type=\"heading.default\">\n\t\t\t\t<div class=\"elementor-widget-container\">\n\t\t\t\t\t<h3 class=\"elementor-heading-title elementor-size-default\">A digit\u00e1lis rendszer vezet\u0151i kontrollt ad<\/h3>\t\t\t\t<\/div>\n\t\t\t\t<\/div>\n\t\t\t\t<div class=\"elementor-element elementor-element-ece047d elementor-widget elementor-widget-text-editor\" data-id=\"ece047d\" data-element_type=\"widget\" data-e-type=\"widget\" data-widget_type=\"text-editor.default\">\n\t\t\t\t<div class=\"elementor-widget-container\">\n\t\t\t\t\t\t\t\t\t<p><span style=\"font-weight: 400;\">A Lionsdi\u00e1k rendszer az adatbek\u00e9r\u00e9st\u0151l \u00e9s a regisztr\u00e1ci\u00f3t\u00f3l a szerz\u0151dtet\u00e9sen, a dokumentumok \u00e9rv\u00e9nyess\u00e9g\u00e9nek kezel\u00e9s\u00e9n \u00e9s a munkaid\u0151-nyilv\u00e1ntart\u00e1son \u00e1t a b\u00e9rsz\u00e1mfejt\u00e9sig t\u00e1mogatja a folyamatot. A pap\u00edrmentes m\u0171k\u00f6d\u00e9snek k\u00f6sz\u00f6nhet\u0151en a szolg\u00e1ltat\u00e1s orsz\u00e1gosan alkalmazhat\u00f3, t\u00f6bb telephely eset\u00e9n is egys\u00e9ges folyamattal.<\/span><\/p><p><span style=\"font-weight: 400;\">A munkaid\u0151t ak\u00e1r maga a di\u00e1k is r\u00f6gz\u00edtheti, a partner ellen\u0151rzi \u00e9s j\u00f3v\u00e1hagyja az adatokat, majd az ICT Lionsdi\u00e1k munkat\u00e1rsai egy m\u00e1sodik kontrollt v\u00e9geznek. Ez seg\u00edt megel\u0151zni a hib\u00e1s elsz\u00e1mol\u00e1st vagy az elmarad\u00f3 kifizet\u00e9st.<\/span><\/p><p><span style=\"font-weight: 400;\">A partner egy helyen k\u00f6vetheti a di\u00e1kokhoz kapcsol\u00f3d\u00f3 st\u00e1tuszokat, munka\u00f3r\u00e1kat \u00e9s k\u00f6lts\u00e9geket. A d\u00f6nt\u00e9sek \u00edgy nem ut\u00f3lag \u00f6ssze\u00e1ll\u00edtott becsl\u00e9sekre, hanem j\u00f3v\u00e1hagyott teljes\u00edt\u00e9si adatokra \u00e9p\u00fclhetnek.<\/span><\/p>\t\t\t\t\t\t\t\t<\/div>\n\t\t\t\t<\/div>\n\t\t\t\t<div class=\"elementor-element elementor-element-b21aed1 elementor-widget elementor-widget-heading\" data-id=\"b21aed1\" data-element_type=\"widget\" data-e-type=\"widget\" data-widget_type=\"heading.default\">\n\t\t\t\t<div class=\"elementor-widget-container\">\n\t\t\t\t\t<h2 class=\"elementor-heading-title elementor-size-default\">A di\u00e1kmunka ut\u00e1np\u00f3tl\u00e1si csatorna is<\/h2>\t\t\t\t<\/div>\n\t\t\t\t<\/div>\n\t\t\t\t<div class=\"elementor-element elementor-element-b96a080 elementor-widget elementor-widget-text-editor\" data-id=\"b96a080\" data-element_type=\"widget\" data-e-type=\"widget\" data-widget_type=\"text-editor.default\">\n\t\t\t\t<div class=\"elementor-widget-container\">\n\t\t\t\t\t\t\t\t\t<p><span style=\"font-weight: 400;\">A di\u00e1kfoglalkoztat\u00e1s \u00e9rt\u00e9ke nem felt\u00e9tlen\u00fcl \u00e9r v\u00e9get a tanulm\u00e1nyok befejez\u00e9s\u00e9vel. A j\u00f3l teljes\u00edt\u0151 fiatalokb\u00f3l k\u00e9s\u0151bb gyakornokok vagy p\u00e1lyakezd\u0151 munkat\u00e1rsak v\u00e1lhatnak, a v\u00e1llalkoz\u00e1s pedig m\u00e1r val\u00f3s munkav\u00e9gz\u00e9s k\u00f6zben megismerheti a hozz\u00e1\u00e1ll\u00e1sukat, megb\u00edzhat\u00f3s\u00e1gukat \u00e9s fejl\u0151d\u00e9si lehet\u0151s\u00e9geiket.<\/span><\/p><p><span style=\"font-weight: 400;\">Ez kisebb kiv\u00e1laszt\u00e1si kock\u00e1zatot jelenthet, mint amikor a felek el\u0151sz\u00f6r egy hagyom\u00e1nyos felv\u00e9teli folyamat v\u00e9g\u00e9n tal\u00e1lkoznak. A j\u00f3l szervezett els\u0151 munkahelyi \u00e9lm\u00e9ny r\u00e1ad\u00e1sul er\u0151s\u00edtheti a v\u00e1llalathoz val\u00f3 k\u00f6t\u0151d\u00e9st \u00e9s a munk\u00e1ltat\u00f3i m\u00e1rk\u00e1t is.<\/span><\/p>\t\t\t\t\t\t\t\t<\/div>\n\t\t\t\t<\/div>\n\t\t<div class=\"elementor-element elementor-element-915c8ff e-con-full e-flex e-con e-child\" data-id=\"915c8ff\" data-element_type=\"container\" data-e-type=\"container\" data-settings=\"{&quot;background_background&quot;:&quot;classic&quot;}\">\n\t\t\t\t<div class=\"elementor-element elementor-element-cf9123b elementor-widget__width-initial elementor-widget elementor-widget-text-editor\" data-id=\"cf9123b\" data-element_type=\"widget\" data-e-type=\"widget\" data-widget_type=\"text-editor.default\">\n\t\t\t\t<div class=\"elementor-widget-container\">\n\t\t\t\t\t\t\t\t\t<p>Szeretn\u00e9m megn\u00e9zni, hogyan tudn\u00e9k hat\u00e9konyan di\u00e1kokat alkalmazni!<\/p>\t\t\t\t\t\t\t\t<\/div>\n\t\t\t\t<\/div>\n\t\t\t\t<div class=\"elementor-element elementor-element-3fa3b24 elementor-widget elementor-widget-button\" data-id=\"3fa3b24\" data-element_type=\"widget\" data-e-type=\"widget\" data-widget_type=\"button.default\">\n\t\t\t\t<div class=\"elementor-widget-container\">\n\t\t\t\t\t\t\t\t\t<div class=\"elementor-button-wrapper\">\n\t\t\t\t\t<a class=\"elementor-button elementor-button-link elementor-size-sm\" href=\"https:\/\/icteuropa.hu\/en\/ict-lions-iskolaszovetkezet\/\">\n\t\t\t\t\t\t<span class=\"elementor-button-content-wrapper\">\n\t\t\t\t\t\t\t\t\t<span class=\"elementor-button-text\">\u00c9rdekel az ICT Lionsdi\u00e1k iskolasz\u00f6vetkezet!<\/span>\n\t\t\t\t\t<\/span>\n\t\t\t\t\t<\/a>\n\t\t\t\t<\/div>\n\t\t\t\t\t\t\t\t<\/div>\n\t\t\t\t<\/div>\n\t\t\t\t<\/div>\n\t\t\t\t<div class=\"elementor-element elementor-element-8fe46c1 elementor-widget elementor-widget-heading\" data-id=\"8fe46c1\" data-element_type=\"widget\" data-e-type=\"widget\" data-widget_type=\"heading.default\">\n\t\t\t\t<div class=\"elementor-widget-container\">\n\t\t\t\t\t<h2 class=\"elementor-heading-title elementor-size-default\">Mikor \u00e9rdemes az ICT Lionsdi\u00e1k megold\u00e1s\u00e1t megvizsg\u00e1lni?<\/h2>\t\t\t\t<\/div>\n\t\t\t\t<\/div>\n\t\t\t\t<div class=\"elementor-element elementor-element-2d197cd elementor-widget elementor-widget-text-editor\" data-id=\"2d197cd\" data-element_type=\"widget\" data-e-type=\"widget\" data-widget_type=\"text-editor.default\">\n\t\t\t\t<div class=\"elementor-widget-container\">\n\t\t\t\t\t\t\t\t\t<p><span style=\"font-weight: 400;\">Az iskolasz\u00f6vetkezeti modell k\u00fcl\u00f6n\u00f6sen relev\u00e1ns lehet, ha a v\u00e1llalkoz\u00e1sn\u00e1l:<\/span><\/p><p><b>V\u00e1ltoz\u00f3 terhel\u00e9s: <\/b><span style=\"font-weight: 400;\">rendszeresen ingadozik a munkaer\u0151ig\u00e9ny, vagy visszat\u00e9r\u0151 szezon\u00e1lis cs\u00facsok jelentkeznek.<\/span><\/p><p><b>T\u00f6bb telephely:<\/b><span style=\"font-weight: 400;\"> ak\u00e1r orsz\u00e1gosan kell egys\u00e9gesen megszervezni a di\u00e1kfoglalkoztat\u00e1st.<\/span><\/p><p><b>Gyorsan tanulhat\u00f3 feladatok: <\/b><span style=\"font-weight: 400;\">vannak vil\u00e1gosan le\u00edrhat\u00f3, r\u00f6vid id\u0151 alatt betan\u00edthat\u00f3 munkak\u00f6r\u00f6k vagy feladatr\u00e9szek.<\/span><\/p><p><b>Terhelt h\u00e1tt\u00e9rfunkci\u00f3k: <\/b><span style=\"font-weight: 400;\">a HR- \u00e9s b\u00e9rsz\u00e1mfejt\u00e9si kapacit\u00e1s b\u0151v\u00edt\u00e9se ar\u00e1nytalan bels\u0151 terhet jelentene.<\/span><\/p><p><b>Ut\u00e1np\u00f3tl\u00e1si c\u00e9l: <\/b><span style=\"font-weight: 400;\">fontos a p\u00e1lyakezd\u0151k korai megsz\u00f3l\u00edt\u00e1sa \u00e9s val\u00f3s munkav\u00e9gz\u00e9s k\u00f6zbeni megismer\u00e9se.<\/span><\/p><p><span style=\"font-weight: 400;\">Ha ezek k\u00f6z\u00fcl t\u00f6bb is igaz, \u00e9rdemes egy r\u00f6vid ig\u00e9nyfelm\u00e9r\u00e9ssel kezdeni. Az ICT Eur\u00f3pa c\u00e9gcsoport r\u00e9szek\u00e9nt m\u0171k\u00f6d\u0151 ICT Lionsdi\u00e1k csapat\u00e1val \u00e1ttekinthet\u0151, mely munkak\u00f6r\u00f6k, helysz\u00ednek \u00e9s id\u0151s\u00e1vok alkalmasak di\u00e1kfoglalkoztat\u00e1sra, \u00e9s milyen k\u00f6lts\u00e9gmodell illeszkedik a v\u00e1llalkoz\u00e1s m\u0171k\u00f6d\u00e9s\u00e9hez.<\/span><\/p>\t\t\t\t\t\t\t\t<\/div>\n\t\t\t\t<\/div>\n\t\t\t\t<div class=\"elementor-element elementor-element-1ddde1d elementor-hidden-desktop elementor-hidden-tablet elementor-hidden-mobile elementor-widget elementor-widget-heading\" data-id=\"1ddde1d\" data-element_type=\"widget\" data-e-type=\"widget\" data-widget_type=\"heading.default\">\n\t\t\t\t<div class=\"elementor-widget-container\">\n\t\t\t\t\t<h3 class=\"elementor-heading-title elementor-size-default\">A tehets\u00e9ggondoz\u00e1s legfontosabb elemei<\/h3>\t\t\t\t<\/div>\n\t\t\t\t<\/div>\n\t\t\t\t<div class=\"elementor-element elementor-element-f51bdd4 elementor-widget elementor-widget-text-editor\" data-id=\"f51bdd4\" data-element_type=\"widget\" data-e-type=\"widget\" data-widget_type=\"text-editor.default\">\n\t\t\t\t<div class=\"elementor-widget-container\">\n\t\t\t\t\t\t\t\t\t<p><span style=\"font-weight: 400;\">Egy j\u00f3l fel\u00e9p\u00edtett program nem csup\u00e1n k\u00e9pz\u00e9sekb\u0151l \u00e1ll. R\u00e9sze lehet a mentor\u00e1l\u00e1s, a rendszeres vezet\u0151i visszajelz\u00e9s, a projektfeladatokba val\u00f3 bevon\u00e1s, a szakmai l\u00e1t\u00f3k\u00f6r b\u0151v\u00edt\u00e9se \u00e9s a fokozatos felel\u0151ss\u00e9g\u00e1tad\u00e1s is. Ennek k\u00f6sz\u00f6nhet\u0151en a tehets\u00e9ges koll\u00e9g\u00e1k fejl\u0151d\u00e9se nem esetleges, hanem tervezett m\u00f3don kapcsol\u00f3dik a c\u00e9g j\u00f6v\u0151beni m\u0171k\u00f6d\u00e9s\u00e9hez \u00e9s kompetenciaig\u00e9nyeihez. A program \u00edgy egyszerre t\u00e1mogatja a munkat\u00e1rsak szakmai el\u0151rel\u00e9p\u00e9s\u00e9t \u00e9s azt, hogy a v\u00e1llalat id\u0151ben felk\u00e9sz\u00edtse azokat az embereket, akikre k\u00e9s\u0151bb kulcsszerepben sz\u00e1m\u00edthat.\u00a0<\/span><\/p>\t\t\t\t\t\t\t\t<\/div>\n\t\t\t\t<\/div>\n\t\t\t\t<div class=\"elementor-element elementor-element-0ca74c8 elementor-widget elementor-widget-text-editor\" data-id=\"0ca74c8\" data-element_type=\"widget\" data-e-type=\"widget\" data-widget_type=\"text-editor.default\">\n\t\t\t\t<div class=\"elementor-widget-container\">\n\t\t\t\t\t\t\t\t\t<p style=\"text-align: right;\"><strong>Author<\/strong>: Kir\u00e1lyn\u00e9 Szentiv\u00e1nyi Fruzsina,<\/p><p style=\"text-align: right;\">HR associate<\/p>\t\t\t\t\t\t\t\t<\/div>\n\t\t\t\t<\/div>\n\t\t<div class=\"elementor-element elementor-element-7f26aeb e-con-full elementor-hidden-desktop elementor-hidden-tablet elementor-hidden-mobile e-flex e-con e-child\" data-id=\"7f26aeb\" data-element_type=\"container\" data-e-type=\"container\" data-settings=\"{&quot;background_background&quot;:&quot;classic&quot;}\">\n\t\t\t\t<div class=\"elementor-element elementor-element-ba43974 elementor-widget__width-initial elementor-widget elementor-widget-text-editor\" data-id=\"ba43974\" data-element_type=\"widget\" data-e-type=\"widget\" data-widget_type=\"text-editor.default\">\n\t\t\t\t<div class=\"elementor-widget-container\">\n\t\t\t\t\t\t\t\t\t<p><span style=\"font-weight: 400;\">Amennyiben t\u00e1mogat\u00e1sra van sz\u00fcks\u00e9g\u00fck az \u00e1talakul\u00e1s megtervez\u00e9s\u00e9ben vagy lebonyol\u00edt\u00e1s\u00e1ban, szak\u00e9rt\u0151 csapatunk k\u00e9szs\u00e9ggel \u00e1ll rendelkez\u00e9s\u00fckre a teljes folyamat sor\u00e1n.<br \/><\/span><br \/>Tekintse meg kapcsol\u00f3d\u00f3 szolg\u00e1ltat\u00e1sunkat, \u00e9s k\u00e9rje szak\u00e9rt\u0151 koll\u00e9g\u00e1ink seg\u00edts\u00e9g\u00e9t!<\/p>\t\t\t\t\t\t\t\t<\/div>\n\t\t\t\t<\/div>\n\t\t\t\t<div class=\"elementor-element elementor-element-21460e3 elementor-widget elementor-widget-button\" data-id=\"21460e3\" data-element_type=\"widget\" data-e-type=\"widget\" data-widget_type=\"button.default\">\n\t\t\t\t<div class=\"elementor-widget-container\">\n\t\t\t\t\t\t\t\t\t<div class=\"elementor-button-wrapper\">\n\t\t\t\t\t<a class=\"elementor-button elementor-button-link elementor-size-sm\" href=\"https:\/\/icteuropa.hu\/en\/adotanacsadas\/cegstruktura-tanacsadas\/\">\n\t\t\t\t\t\t<span class=\"elementor-button-content-wrapper\">\n\t\t\t\t\t\t\t\t\t<span class=\"elementor-button-text\">\u00c9rdekel a szolg\u00e1ltat\u00e1s!<\/span>\n\t\t\t\t\t<\/span>\n\t\t\t\t\t<\/a>\n\t\t\t\t<\/div>\n\t\t\t\t\t\t\t\t<\/div>\n\t\t\t\t<\/div>\n\t\t\t\t<\/div>\n\t\t<div class=\"elementor-element elementor-element-09e8f70 e-con-full elementor-hidden-desktop elementor-hidden-tablet elementor-hidden-mobile e-flex e-con e-child\" data-id=\"09e8f70\" data-element_type=\"container\" data-e-type=\"container\" data-settings=\"{&quot;background_background&quot;:&quot;classic&quot;}\">\n\t\t\t\t<div class=\"elementor-element elementor-element-fbe438e elementor-hidden-desktop elementor-hidden-tablet elementor-hidden-mobile elementor-widget elementor-widget-heading\" data-id=\"fbe438e\" data-element_type=\"widget\" data-e-type=\"widget\" data-widget_type=\"heading.default\">\n\t\t\t\t<div class=\"elementor-widget-container\">\n\t\t\t\t\t<h2 class=\"elementor-heading-title elementor-size-default\">Mit jelent az onboarding?<\/h2>\t\t\t\t<\/div>\n\t\t\t\t<\/div>\n\t\t\t\t<div class=\"elementor-element elementor-element-70ce09d elementor-widget elementor-widget-text-editor\" data-id=\"70ce09d\" data-element_type=\"widget\" data-e-type=\"widget\" data-widget_type=\"text-editor.default\">\n\t\t\t\t<div class=\"elementor-widget-container\">\n\t\t\t\t\t\t\t\t\t<p>Az onboarding az a folyamat, amelynek sor\u00e1n az \u00faj munkav\u00e1llal\u00f3 az els\u0151 napokt\u00f3l kezdve megismeri a szervezet m\u0171k\u00f6d\u00e9s\u00e9t, elv\u00e1r\u00e1sait \u00e9s kult\u00far\u00e1j\u00e1t. C\u00e9lja, hogy min\u00e9l gyorsabban beilleszkedjen \u00e9s hat\u00e9konyan tudjon dolgozni. A j\u00f3l fel\u00e9p\u00edtett onboarding cs\u00f6kkenti a fluktu\u00e1ci\u00f3t \u00e9s az els\u0151 h\u00f3napok \u00fczleti kock\u00e1zatait.<\/p>\t\t\t\t\t\t\t\t<\/div>\n\t\t\t\t<\/div>\n\t\t\t\t<div class=\"elementor-element elementor-element-e60fed3 elementor-widget elementor-widget-heading\" data-id=\"e60fed3\" data-element_type=\"widget\" data-e-type=\"widget\" data-widget_type=\"heading.default\">\n\t\t\t\t<div class=\"elementor-widget-container\">\n\t\t\t\t\t<h3 class=\"elementor-heading-title elementor-size-default\">Mit jelent a preboarding?<\/h3>\t\t\t\t<\/div>\n\t\t\t\t<\/div>\n\t\t\t\t<div class=\"elementor-element elementor-element-820eb1e elementor-widget elementor-widget-text-editor\" data-id=\"820eb1e\" data-element_type=\"widget\" data-e-type=\"widget\" data-widget_type=\"text-editor.default\">\n\t\t\t\t<div class=\"elementor-widget-container\">\n\t\t\t\t\t\t\t\t\t<p>A preboarding az onboardingot megel\u0151z\u0151 id\u0151szak, amely a szerz\u0151d\u00e9sk\u00f6t\u00e9st\u0151l az els\u0151 munkanapig tart. Feladata az alapvet\u0151 inform\u00e1ci\u00f3k \u00e9s adminisztrat\u00edv l\u00e9p\u00e9sek el\u0151k\u00e9sz\u00edt\u00e9se, hogy az \u00faj bel\u00e9p\u0151 felk\u00e9sz\u00fclten \u00e9rkezzen. Megalapozza a z\u00f6kken\u0151mentes bel\u00e9p\u00e9st \u00e9s az onboarding siker\u00e9t.<\/p>\t\t\t\t\t\t\t\t<\/div>\n\t\t\t\t<\/div>\n\t\t\t\t<\/div>\n\t\t<div class=\"elementor-element elementor-element-028cccb e-con-full elementor-hidden-desktop elementor-hidden-tablet elementor-hidden-mobile e-flex e-con e-child\" data-id=\"028cccb\" data-element_type=\"container\" data-e-type=\"container\" data-settings=\"{&quot;background_background&quot;:&quot;classic&quot;}\">\n\t\t\t\t<div class=\"elementor-element elementor-element-9470a2f elementor-widget__width-initial elementor-widget-mobile__width-initial elementor-widget elementor-widget-text-editor\" data-id=\"9470a2f\" data-element_type=\"widget\" data-e-type=\"widget\" data-widget_type=\"text-editor.default\">\n\t\t\t\t<div class=\"elementor-widget-container\">\n\t\t\t\t\t\t\t\t\t<p>Start 2026 with a Competitive Edge \u2014 Get Ready Before the Year Ends!<\/p>\t\t\t\t\t\t\t\t<\/div>\n\t\t\t\t<\/div>\n\t\t\t\t<div class=\"elementor-element elementor-element-eef4b3b elementor-widget elementor-widget-button\" data-id=\"eef4b3b\" data-element_type=\"widget\" data-e-type=\"widget\" data-widget_type=\"button.default\">\n\t\t\t\t<div class=\"elementor-widget-container\">\n\t\t\t\t\t\t\t\t\t<div class=\"elementor-button-wrapper\">\n\t\t\t\t\t<a class=\"elementor-button elementor-button-link elementor-size-sm\" href=\"#services-contact-form\">\n\t\t\t\t\t\t<span class=\"elementor-button-content-wrapper\">\n\t\t\t\t\t\t\t\t\t<span class=\"elementor-button-text\">Get an Assessment!<\/span>\n\t\t\t\t\t<\/span>\n\t\t\t\t\t<\/a>\n\t\t\t\t<\/div>\n\t\t\t\t\t\t\t\t<\/div>\n\t\t\t\t<\/div>\n\t\t\t\t<\/div>\n\t\t\t\t<\/div>\n\t\t<div class=\"elementor-element elementor-element-dcfb516 e-con-full e-flex e-con e-child\" data-id=\"dcfb516\" data-element_type=\"container\" data-e-type=\"container\">\n\t\t\t\t<\/div>\n\t\t\t\t<\/div>\n\t\t\t\t<\/div>\n\t\t\t\t<\/div>\n\t\t\t\t<\/div>\n\t\t\t\t<\/div>\n\t\t\t\t<\/div>\n\t\t\t\t<\/div>\n\t\t\t\t\t<\/div>\n\t\t\t\t<\/div>\n\t\t\t\t<\/div>","protected":false},"excerpt":{"rendered":"<p>Rugalmas kapacit\u00e1s, kisz\u00e1m\u00edthat\u00f3 k\u00f6lts\u00e9g: \u00edgy v\u00e1lhat a di\u00e1kfoglalkoztat\u00e1s \u00fczleti el\u0151nny\u00e9 Az iskolasz\u00f6vetkezeti modell nem egyszer\u0171 l\u00e9tsz\u00e1mp\u00f3tl\u00e1s. J\u00f3l fel\u00e9p\u00edtve olyan munkaer\u0151-strat\u00e9giai eszk\u00f6z, amely gyors reakci\u00f3t, pontosabb k\u00f6lts\u00e9gkontrollt \u00e9s tehermentes\u00edtett bels\u0151 m\u0171k\u00f6d\u00e9st adhat. Amikor a kereslet gyorsabban v\u00e1ltozik, mint ahogy a saj\u00e1t \u00e1llom\u00e1ny b\u0151v\u00edthet\u0151, a munkaer\u0151hi\u00e1ny m\u00e1r nem puszt\u00e1n HR-k\u00e9rd\u00e9s, hanem \u00e1rbev\u00e9teli \u00e9s m\u0171k\u00f6d\u00e9si kock\u00e1zat. Szezon\u00e1lis cs\u00facsokn\u00e1l, [&hellip;]<\/p>\n","protected":false},"author":3,"featured_media":19813,"comment_status":"closed","ping_status":"closed","sticky":false,"template":"","format":"standard","meta":{"_acf_changed":false,"footnotes":""},"categories":[29],"tags":[],"class_list":["post-19815","post","type-post","status-publish","format-standard","has-post-thumbnail","hentry","category-hr-szolgaltatasok"],"blocksy_meta":[],"acf":[],"yoast_head":"<!-- This site is optimized with the Yoast SEO plugin v28.4 - https:\/\/yoast.com\/product\/yoast-seo-wordpress\/ -->\n<title>Di\u00e1kfoglalkoztat\u00e1s c\u00e9geknek | ICT Lionsdi\u00e1k Iskolasz\u00f6vetkezet<\/title>\n<meta name=\"description\" content=\"Rugalmas kapacit\u00e1s, kisz\u00e1m\u00edthat\u00f3 k\u00f6lts\u00e9gek. Ismerje meg a di\u00e1kfoglalkoztat\u00e1s el\u0151nyeit az ICT Lionsdi\u00e1k Iskolasz\u00f6vetkezettel!\" \/>\n<meta name=\"robots\" content=\"index, follow, max-snippet:-1, max-image-preview:large, max-video-preview:-1\" \/>\n<link rel=\"canonical\" href=\"https:\/\/icteuropa.hu\/en\/rugalmas-kapacitas-kiszamithato-koltseg-igy-valhat-a-diakfoglalkoztatas-uzleti-elonnye\/\" \/>\n<meta property=\"og:locale\" content=\"en_US\" \/>\n<meta property=\"og:type\" content=\"article\" \/>\n<meta property=\"og:title\" content=\"Di\u00e1kfoglalkoztat\u00e1s c\u00e9geknek | ICT Lionsdi\u00e1k Iskolasz\u00f6vetkezet\" \/>\n<meta property=\"og:description\" content=\"Rugalmas kapacit\u00e1s, kisz\u00e1m\u00edthat\u00f3 k\u00f6lts\u00e9gek. Ismerje meg a di\u00e1kfoglalkoztat\u00e1s el\u0151nyeit az ICT Lionsdi\u00e1k Iskolasz\u00f6vetkezettel!\" \/>\n<meta property=\"og:url\" content=\"https:\/\/icteuropa.hu\/en\/rugalmas-kapacitas-kiszamithato-koltseg-igy-valhat-a-diakfoglalkoztatas-uzleti-elonnye\/\" \/>\n<meta property=\"og:site_name\" content=\"ICTEuropa\" \/>\n<meta property=\"article:published_time\" content=\"2026-08-31T08:15:47+00:00\" \/>\n<meta property=\"article:modified_time\" content=\"2026-09-01T12:16:28+00:00\" \/>\n<meta property=\"og:image\" content=\"https:\/\/icteuropa.hu\/wp-content\/uploads\/2026\/08\/thumbnail-B32-26-Iskolaszovetkezet.png\" \/>\n\t<meta property=\"og:image:width\" content=\"1024\" \/>\n\t<meta property=\"og:image:height\" content=\"682\" \/>\n\t<meta property=\"og:image:type\" content=\"image\/png\" \/>\n<meta name=\"author\" content=\"Marketing ICT\" \/>\n<meta name=\"twitter:card\" content=\"summary_large_image\" \/>\n<meta name=\"twitter:label1\" content=\"Written by\" \/>\n\t<meta name=\"twitter:data1\" content=\"Marketing ICT\" \/>\n\t<meta name=\"twitter:label2\" content=\"Est. reading time\" \/>\n\t<meta name=\"twitter:data2\" content=\"5 minutes\" \/>\n<script type=\"application\/ld+json\" class=\"yoast-schema-graph\">{\"@context\":\"https:\\\/\\\/schema.org\",\"@graph\":[{\"@type\":\"Article\",\"@id\":\"https:\\\/\\\/icteuropa.hu\\\/rugalmas-kapacitas-kiszamithato-koltseg-igy-valhat-a-diakfoglalkoztatas-uzleti-elonnye\\\/#article\",\"isPartOf\":{\"@id\":\"https:\\\/\\\/icteuropa.hu\\\/rugalmas-kapacitas-kiszamithato-koltseg-igy-valhat-a-diakfoglalkoztatas-uzleti-elonnye\\\/\"},\"author\":{\"name\":\"Marketing ICT\",\"@id\":\"https:\\\/\\\/icteuropa.hu\\\/#\\\/schema\\\/person\\\/8e730aade2f431e9a59245390c5e07c7\"},\"headline\":\"Rugalmas kapacit\u00e1s, kisz\u00e1m\u00edthat\u00f3 k\u00f6lts\u00e9g: \u00edgy v\u00e1lhat a di\u00e1kfoglalkoztat\u00e1s \u00fczleti el\u0151nny\u00e9\",\"datePublished\":\"2026-08-31T08:15:47+00:00\",\"dateModified\":\"2026-09-01T12:16:28+00:00\",\"mainEntityOfPage\":{\"@id\":\"https:\\\/\\\/icteuropa.hu\\\/rugalmas-kapacitas-kiszamithato-koltseg-igy-valhat-a-diakfoglalkoztatas-uzleti-elonnye\\\/\"},\"wordCount\":1873,\"publisher\":{\"@id\":\"https:\\\/\\\/icteuropa.hu\\\/#organization\"},\"image\":{\"@id\":\"https:\\\/\\\/icteuropa.hu\\\/rugalmas-kapacitas-kiszamithato-koltseg-igy-valhat-a-diakfoglalkoztatas-uzleti-elonnye\\\/#primaryimage\"},\"thumbnailUrl\":\"https:\\\/\\\/icteuropa.hu\\\/wp-content\\\/uploads\\\/2026\\\/08\\\/thumbnail-B32-26-Iskolaszovetkezet.png\",\"articleSection\":[\"HR szolg\u00e1ltat\u00e1sok\"],\"inLanguage\":\"en-US\"},{\"@type\":\"WebPage\",\"@id\":\"https:\\\/\\\/icteuropa.hu\\\/rugalmas-kapacitas-kiszamithato-koltseg-igy-valhat-a-diakfoglalkoztatas-uzleti-elonnye\\\/\",\"url\":\"https:\\\/\\\/icteuropa.hu\\\/rugalmas-kapacitas-kiszamithato-koltseg-igy-valhat-a-diakfoglalkoztatas-uzleti-elonnye\\\/\",\"name\":\"Di\u00e1kfoglalkoztat\u00e1s c\u00e9geknek | ICT Lionsdi\u00e1k Iskolasz\u00f6vetkezet\",\"isPartOf\":{\"@id\":\"https:\\\/\\\/icteuropa.hu\\\/#website\"},\"primaryImageOfPage\":{\"@id\":\"https:\\\/\\\/icteuropa.hu\\\/rugalmas-kapacitas-kiszamithato-koltseg-igy-valhat-a-diakfoglalkoztatas-uzleti-elonnye\\\/#primaryimage\"},\"image\":{\"@id\":\"https:\\\/\\\/icteuropa.hu\\\/rugalmas-kapacitas-kiszamithato-koltseg-igy-valhat-a-diakfoglalkoztatas-uzleti-elonnye\\\/#primaryimage\"},\"thumbnailUrl\":\"https:\\\/\\\/icteuropa.hu\\\/wp-content\\\/uploads\\\/2026\\\/08\\\/thumbnail-B32-26-Iskolaszovetkezet.png\",\"datePublished\":\"2026-08-31T08:15:47+00:00\",\"dateModified\":\"2026-09-01T12:16:28+00:00\",\"description\":\"Rugalmas kapacit\u00e1s, kisz\u00e1m\u00edthat\u00f3 k\u00f6lts\u00e9gek. Ismerje meg a di\u00e1kfoglalkoztat\u00e1s el\u0151nyeit az ICT Lionsdi\u00e1k Iskolasz\u00f6vetkezettel!\",\"breadcrumb\":{\"@id\":\"https:\\\/\\\/icteuropa.hu\\\/rugalmas-kapacitas-kiszamithato-koltseg-igy-valhat-a-diakfoglalkoztatas-uzleti-elonnye\\\/#breadcrumb\"},\"inLanguage\":\"en-US\",\"potentialAction\":[{\"@type\":\"ReadAction\",\"target\":[\"https:\\\/\\\/icteuropa.hu\\\/rugalmas-kapacitas-kiszamithato-koltseg-igy-valhat-a-diakfoglalkoztatas-uzleti-elonnye\\\/\"]}]},{\"@type\":\"ImageObject\",\"inLanguage\":\"en-US\",\"@id\":\"https:\\\/\\\/icteuropa.hu\\\/rugalmas-kapacitas-kiszamithato-koltseg-igy-valhat-a-diakfoglalkoztatas-uzleti-elonnye\\\/#primaryimage\",\"url\":\"https:\\\/\\\/icteuropa.hu\\\/wp-content\\\/uploads\\\/2026\\\/08\\\/thumbnail-B32-26-Iskolaszovetkezet.png\",\"contentUrl\":\"https:\\\/\\\/icteuropa.hu\\\/wp-content\\\/uploads\\\/2026\\\/08\\\/thumbnail-B32-26-Iskolaszovetkezet.png\",\"width\":\"1024\",\"height\":\"682\"},{\"@type\":\"BreadcrumbList\",\"@id\":\"https:\\\/\\\/icteuropa.hu\\\/rugalmas-kapacitas-kiszamithato-koltseg-igy-valhat-a-diakfoglalkoztatas-uzleti-elonnye\\\/#breadcrumb\",\"itemListElement\":[{\"@type\":\"ListItem\",\"position\":1,\"name\":\"Home\",\"item\":\"https:\\\/\\\/icteuropa.hu\\\/\"},{\"@type\":\"ListItem\",\"position\":2,\"name\":\"Rugalmas kapacit\u00e1s, kisz\u00e1m\u00edthat\u00f3 k\u00f6lts\u00e9g: \u00edgy v\u00e1lhat a di\u00e1kfoglalkoztat\u00e1s \u00fczleti el\u0151nny\u00e9\"}]},{\"@type\":\"WebSite\",\"@id\":\"https:\\\/\\\/icteuropa.hu\\\/#website\",\"url\":\"https:\\\/\\\/icteuropa.hu\\\/\",\"name\":\"ICTEuropa\",\"description\":\"\",\"publisher\":{\"@id\":\"https:\\\/\\\/icteuropa.hu\\\/#organization\"},\"potentialAction\":[{\"@type\":\"SearchAction\",\"target\":{\"@type\":\"EntryPoint\",\"urlTemplate\":\"https:\\\/\\\/icteuropa.hu\\\/?s={search_term_string}\"},\"query-input\":{\"@type\":\"PropertyValueSpecification\",\"valueRequired\":true,\"valueName\":\"search_term_string\"}}],\"inLanguage\":\"en-US\"},{\"@type\":\"Organization\",\"@id\":\"https:\\\/\\\/icteuropa.hu\\\/#organization\",\"name\":\"ICTEuropa\",\"url\":\"https:\\\/\\\/icteuropa.hu\\\/\",\"logo\":{\"@type\":\"ImageObject\",\"inLanguage\":\"en-US\",\"@id\":\"https:\\\/\\\/icteuropa.hu\\\/#\\\/schema\\\/logo\\\/image\\\/\",\"url\":\"https:\\\/\\\/icteuropa.hu\\\/wp-content\\\/uploads\\\/2024\\\/04\\\/logo-nav-anim.gif\",\"contentUrl\":\"https:\\\/\\\/icteuropa.hu\\\/wp-content\\\/uploads\\\/2024\\\/04\\\/logo-nav-anim.gif\",\"width\":980,\"height\":120,\"caption\":\"ICTEuropa\"},\"image\":{\"@id\":\"https:\\\/\\\/icteuropa.hu\\\/#\\\/schema\\\/logo\\\/image\\\/\"}},{\"@type\":\"Person\",\"@id\":\"https:\\\/\\\/icteuropa.hu\\\/#\\\/schema\\\/person\\\/8e730aade2f431e9a59245390c5e07c7\",\"name\":\"Marketing ICT\",\"url\":\"https:\\\/\\\/icteuropa.hu\\\/en\\\/author\\\/marketingicteuropa\\\/\"}]}<\/script>\n<!-- \/ Yoast SEO plugin. -->","yoast_head_json":{"title":"Di\u00e1kfoglalkoztat\u00e1s c\u00e9geknek | ICT Lionsdi\u00e1k Iskolasz\u00f6vetkezet","description":"Rugalmas kapacit\u00e1s, kisz\u00e1m\u00edthat\u00f3 k\u00f6lts\u00e9gek. Ismerje meg a di\u00e1kfoglalkoztat\u00e1s el\u0151nyeit az ICT Lionsdi\u00e1k Iskolasz\u00f6vetkezettel!","robots":{"index":"index","follow":"follow","max-snippet":"max-snippet:-1","max-image-preview":"max-image-preview:large","max-video-preview":"max-video-preview:-1"},"canonical":"https:\/\/icteuropa.hu\/en\/rugalmas-kapacitas-kiszamithato-koltseg-igy-valhat-a-diakfoglalkoztatas-uzleti-elonnye\/","og_locale":"en_US","og_type":"article","og_title":"Di\u00e1kfoglalkoztat\u00e1s c\u00e9geknek | ICT Lionsdi\u00e1k Iskolasz\u00f6vetkezet","og_description":"Rugalmas kapacit\u00e1s, kisz\u00e1m\u00edthat\u00f3 k\u00f6lts\u00e9gek. Ismerje meg a di\u00e1kfoglalkoztat\u00e1s el\u0151nyeit az ICT Lionsdi\u00e1k Iskolasz\u00f6vetkezettel!","og_url":"https:\/\/icteuropa.hu\/en\/rugalmas-kapacitas-kiszamithato-koltseg-igy-valhat-a-diakfoglalkoztatas-uzleti-elonnye\/","og_site_name":"ICTEuropa","article_published_time":"2026-08-31T08:15:47+00:00","article_modified_time":"2026-09-01T12:16:28+00:00","og_image":[{"width":1024,"height":682,"url":"https:\/\/icteuropa.hu\/wp-content\/uploads\/2026\/08\/thumbnail-B32-26-Iskolaszovetkezet.png","type":"image\/png"}],"author":"Marketing ICT","twitter_card":"summary_large_image","twitter_misc":{"Written by":"Marketing ICT","Est. reading time":"5 minutes"},"schema":{"@context":"https:\/\/schema.org","@graph":[{"@type":"Article","@id":"https:\/\/icteuropa.hu\/rugalmas-kapacitas-kiszamithato-koltseg-igy-valhat-a-diakfoglalkoztatas-uzleti-elonnye\/#article","isPartOf":{"@id":"https:\/\/icteuropa.hu\/rugalmas-kapacitas-kiszamithato-koltseg-igy-valhat-a-diakfoglalkoztatas-uzleti-elonnye\/"},"author":{"name":"Marketing ICT","@id":"https:\/\/icteuropa.hu\/#\/schema\/person\/8e730aade2f431e9a59245390c5e07c7"},"headline":"Rugalmas kapacit\u00e1s, kisz\u00e1m\u00edthat\u00f3 k\u00f6lts\u00e9g: \u00edgy v\u00e1lhat a di\u00e1kfoglalkoztat\u00e1s \u00fczleti el\u0151nny\u00e9","datePublished":"2026-08-31T08:15:47+00:00","dateModified":"2026-09-01T12:16:28+00:00","mainEntityOfPage":{"@id":"https:\/\/icteuropa.hu\/rugalmas-kapacitas-kiszamithato-koltseg-igy-valhat-a-diakfoglalkoztatas-uzleti-elonnye\/"},"wordCount":1873,"publisher":{"@id":"https:\/\/icteuropa.hu\/#organization"},"image":{"@id":"https:\/\/icteuropa.hu\/rugalmas-kapacitas-kiszamithato-koltseg-igy-valhat-a-diakfoglalkoztatas-uzleti-elonnye\/#primaryimage"},"thumbnailUrl":"https:\/\/icteuropa.hu\/wp-content\/uploads\/2026\/08\/thumbnail-B32-26-Iskolaszovetkezet.png","articleSection":["HR szolg\u00e1ltat\u00e1sok"],"inLanguage":"en-US"},{"@type":"WebPage","@id":"https:\/\/icteuropa.hu\/rugalmas-kapacitas-kiszamithato-koltseg-igy-valhat-a-diakfoglalkoztatas-uzleti-elonnye\/","url":"https:\/\/icteuropa.hu\/rugalmas-kapacitas-kiszamithato-koltseg-igy-valhat-a-diakfoglalkoztatas-uzleti-elonnye\/","name":"Di\u00e1kfoglalkoztat\u00e1s c\u00e9geknek | ICT Lionsdi\u00e1k Iskolasz\u00f6vetkezet","isPartOf":{"@id":"https:\/\/icteuropa.hu\/#website"},"primaryImageOfPage":{"@id":"https:\/\/icteuropa.hu\/rugalmas-kapacitas-kiszamithato-koltseg-igy-valhat-a-diakfoglalkoztatas-uzleti-elonnye\/#primaryimage"},"image":{"@id":"https:\/\/icteuropa.hu\/rugalmas-kapacitas-kiszamithato-koltseg-igy-valhat-a-diakfoglalkoztatas-uzleti-elonnye\/#primaryimage"},"thumbnailUrl":"https:\/\/icteuropa.hu\/wp-content\/uploads\/2026\/08\/thumbnail-B32-26-Iskolaszovetkezet.png","datePublished":"2026-08-31T08:15:47+00:00","dateModified":"2026-09-01T12:16:28+00:00","description":"Rugalmas kapacit\u00e1s, kisz\u00e1m\u00edthat\u00f3 k\u00f6lts\u00e9gek. Ismerje meg a di\u00e1kfoglalkoztat\u00e1s el\u0151nyeit az ICT Lionsdi\u00e1k Iskolasz\u00f6vetkezettel!","breadcrumb":{"@id":"https:\/\/icteuropa.hu\/rugalmas-kapacitas-kiszamithato-koltseg-igy-valhat-a-diakfoglalkoztatas-uzleti-elonnye\/#breadcrumb"},"inLanguage":"en-US","potentialAction":[{"@type":"ReadAction","target":["https:\/\/icteuropa.hu\/rugalmas-kapacitas-kiszamithato-koltseg-igy-valhat-a-diakfoglalkoztatas-uzleti-elonnye\/"]}]},{"@type":"ImageObject","inLanguage":"en-US","@id":"https:\/\/icteuropa.hu\/rugalmas-kapacitas-kiszamithato-koltseg-igy-valhat-a-diakfoglalkoztatas-uzleti-elonnye\/#primaryimage","url":"https:\/\/icteuropa.hu\/wp-content\/uploads\/2026\/08\/thumbnail-B32-26-Iskolaszovetkezet.png","contentUrl":"https:\/\/icteuropa.hu\/wp-content\/uploads\/2026\/08\/thumbnail-B32-26-Iskolaszovetkezet.png","width":"1024","height":"682"},{"@type":"BreadcrumbList","@id":"https:\/\/icteuropa.hu\/rugalmas-kapacitas-kiszamithato-koltseg-igy-valhat-a-diakfoglalkoztatas-uzleti-elonnye\/#breadcrumb","itemListElement":[{"@type":"ListItem","position":1,"name":"Home","item":"https:\/\/icteuropa.hu\/"},{"@type":"ListItem","position":2,"name":"Rugalmas kapacit\u00e1s, kisz\u00e1m\u00edthat\u00f3 k\u00f6lts\u00e9g: \u00edgy v\u00e1lhat a di\u00e1kfoglalkoztat\u00e1s \u00fczleti el\u0151nny\u00e9"}]},{"@type":"WebSite","@id":"https:\/\/icteuropa.hu\/#website","url":"https:\/\/icteuropa.hu\/","name":"ICTEuropa","description":"","publisher":{"@id":"https:\/\/icteuropa.hu\/#organization"},"potentialAction":[{"@type":"SearchAction","target":{"@type":"EntryPoint","urlTemplate":"https:\/\/icteuropa.hu\/?s={search_term_string}"},"query-input":{"@type":"PropertyValueSpecification","valueRequired":true,"valueName":"search_term_string"}}],"inLanguage":"en-US"},{"@type":"Organization","@id":"https:\/\/icteuropa.hu\/#organization","name":"ICTEuropa","url":"https:\/\/icteuropa.hu\/","logo":{"@type":"ImageObject","inLanguage":"en-US","@id":"https:\/\/icteuropa.hu\/#\/schema\/logo\/image\/","url":"https:\/\/icteuropa.hu\/wp-content\/uploads\/2024\/04\/logo-nav-anim.gif","contentUrl":"https:\/\/icteuropa.hu\/wp-content\/uploads\/2024\/04\/logo-nav-anim.gif","width":980,"height":120,"caption":"ICTEuropa"},"image":{"@id":"https:\/\/icteuropa.hu\/#\/schema\/logo\/image\/"}},{"@type":"Person","@id":"https:\/\/icteuropa.hu\/#\/schema\/person\/8e730aade2f431e9a59245390c5e07c7","name":"Marketing ICT","url":"https:\/\/icteuropa.hu\/en\/author\/marketingicteuropa\/"}]}},"_links":{"self":[{"href":"https:\/\/icteuropa.hu\/en\/wp-json\/wp\/v2\/posts\/19815","targetHints":{"allow":["GET"]}}],"collection":[{"href":"https:\/\/icteuropa.hu\/en\/wp-json\/wp\/v2\/posts"}],"about":[{"href":"https:\/\/icteuropa.hu\/en\/wp-json\/wp\/v2\/types\/post"}],"author":[{"embeddable":true,"href":"https:\/\/icteuropa.hu\/en\/wp-json\/wp\/v2\/users\/3"}],"replies":[{"embeddable":true,"href":"https:\/\/icteuropa.hu\/en\/wp-json\/wp\/v2\/comments?post=19815"}],"version-history":[{"count":16,"href":"https:\/\/icteuropa.hu\/en\/wp-json\/wp\/v2\/posts\/19815\/revisions"}],"predecessor-version":[{"id":19840,"href":"https:\/\/icteuropa.hu\/en\/wp-json\/wp\/v2\/posts\/19815\/revisions\/19840"}],"wp:featuredmedia":[{"embeddable":true,"href":"https:\/\/icteuropa.hu\/en\/wp-json\/wp\/v2\/media\/19813"}],"wp:attachment":[{"href":"https:\/\/icteuropa.hu\/en\/wp-json\/wp\/v2\/media?parent=19815"}],"wp:term":[{"taxonomy":"category","embeddable":true,"href":"https:\/\/icteuropa.hu\/en\/wp-json\/wp\/v2\/categories?post=19815"},{"taxonomy":"post_tag","embeddable":true,"href":"https:\/\/icteuropa.hu\/en\/wp-json\/wp\/v2\/tags?post=19815"}],"curies":[{"name":"wp","href":"https:\/\/api.w.org\/{rel}","templated":true}]}}