{"id":8273,"date":"2024-09-26T07:15:00","date_gmt":"2024-09-26T07:15:00","guid":{"rendered":"https:\/\/icteuropa.hu\/?p=8273"},"modified":"2024-09-26T07:15:03","modified_gmt":"2024-09-26T07:15:03","slug":"ezek-a-cegek-mentesulhetnek-reszben-vagy-egeszben-a-transzferar-dokumentacio-alol","status":"publish","type":"post","link":"https:\/\/icteuropa.hu\/en\/ezek-a-cegek-mentesulhetnek-reszben-vagy-egeszben-a-transzferar-dokumentacio-alol\/","title":{"rendered":"These companies may be exempt from transfer pricing documentation in whole or in part!"},"content":{"rendered":"<p>There have been significant changes in transfer pricing in the past year. Previously, it was still mandatory to keep records above certain thresholds, but from 2022, companies subject to the obligation will be required to include the most important information from the documentation prepared in the corporate tax return (ATP-01 and ATP-KV). If a company fails to do so and is found to be non-compliant during an official audit, it could face fines of up to several million euros per transaction. It is also important to know who is exempt and which transactions are partially exempt from transfer pricing record keeping,\" he points out&nbsp;<strong>Csaba Szab\u00f3<\/strong>, through&nbsp;<em>ICT Eur\u00f3pa Finance Zrt.<\/em>&nbsp;professional director.<\/p>\n\n\n\n<p>The following enterprises and transactions are fully exempted from the reporting and record-keeping obligations: enterprises that do not reach the medium enterprise SME classification on the last day of the tax year or reach it but have no affiliated enterprise. In addition, transactions between related enterprises whose total value at market price does not exceed HUF 100 million net, certain transactions (except insider dealing) and transactions at official prices. These transactions are not subject to any transfer pricing reporting obligations, nor do they have to be recorded by the enterprises.<\/p>\n\n\n\n<p><br>For partially exempt transactions, full reporting is not required, but certain data must be provided: the name of the transaction; the TE\u00c1OR number of the transaction; the name and tax number of the related enterprises involved in the transaction; the net consideration of the transaction; the provisional amount of the Tao base adjustment for the tax years related to the transaction, broken down by related enterprises. This includes, for example, contracts entered into with a private individual other than as a sole proprietor, the consideration for services or supplies of goods provided by a non-related company and charged to related companies for an unchanged amount. In addition, the transfer and receipt of funds free of charge is also partially exempted from the reporting obligation. It should be stressed that this is only a partial exemption, so it is necessary to provide partial information - warns Csaba Szab\u00f3, Technical Director of ICT Europa Finance Zrt.<\/p>\n\n\n\n<blockquote class=\"wp-block-quote is-layout-flow wp-block-quote-is-layout-flow\">\n<p>It is important to note that the corporate tax base adjustment obligation exists or may exist for each transaction with an associated enterprise, regardless of the reporting obligation.<\/p>\n<\/blockquote>\n\n\n\n<p>You need to pay attention to the law and be careful about reporting and record-keeping to ensure that your business is compliant and avoids penalties. Therefore, it is worthwhile to have a transfer pricing expert examine the company's transactions and relationships, as a clear position is needed to determine whether the company is liable and, if so, whether it may have partially exempt reporting obligations,\" said the professional director of ICT Europa Zrt.<\/p>","protected":false},"excerpt":{"rendered":"<p>Az elm\u00falt \u00e9vben jelent\u0151s v\u00e1ltoz\u00e1sok t\u00f6rt\u00e9ntek a transzfer\u00e1raz\u00e1s ter\u00e9n. Kor\u00e1bban is k\u00f6telez\u0151 volt a nyilv\u00e1ntart\u00e1s k\u00e9sz\u00edt\u00e9se bizonyos \u00e9rt\u00e9khat\u00e1rok felett, de 2022-t\u0151l m\u00e1r a k\u00f6telezett c\u00e9gek sz\u00e1m\u00e1ra a t\u00e1rsas\u00e1gi ad\u00f3bevall\u00e1sban (ATP-01 \u00e9s ATP-KV nev\u0171 lapokon) felt\u00fcntetni a legfontosabb adatokat az elk\u00e9sz\u00edtett dokument\u00e1ci\u00f3b\u00f3l. Ha valaki nem teszi ezt meg, \u00e9s hat\u00f3s\u00e1gi ellen\u0151rz\u00e9s sor\u00e1n der\u00fcl ki, hogy nem [&hellip;]<\/p>\n","protected":false},"author":2,"featured_media":8274,"comment_status":"closed","ping_status":"closed","sticky":false,"template":"","format":"standard","meta":{"_acf_changed":false,"footnotes":""},"categories":[28],"tags":[],"class_list":["post-8273","post","type-post","status-publish","format-standard","has-post-thumbnail","hentry","category-konyveles"],"blocksy_meta":[],"acf":[],"yoast_head":"<!-- This site is optimized with the Yoast SEO plugin v27.4 - https:\/\/yoast.com\/product\/yoast-seo-wordpress\/ -->\n<title>Ezek a c\u00e9gek mentes\u00fclhetnek r\u00e9szben vagy eg\u00e9szben a transzfer\u00e1r dokument\u00e1ci\u00f3 al\u00f3l! - ICTEuropa<\/title>\n<meta name=\"robots\" content=\"index, follow, max-snippet:-1, max-image-preview:large, max-video-preview:-1\" \/>\n<link rel=\"canonical\" href=\"https:\/\/icteuropa.hu\/en\/ezek-a-cegek-mentesulhetnek-reszben-vagy-egeszben-a-transzferar-dokumentacio-alol\/\" \/>\n<meta property=\"og:locale\" content=\"en_US\" \/>\n<meta property=\"og:type\" content=\"article\" \/>\n<meta property=\"og:title\" content=\"Ezek a c\u00e9gek mentes\u00fclhetnek r\u00e9szben vagy eg\u00e9szben a transzfer\u00e1r dokument\u00e1ci\u00f3 al\u00f3l! - ICTEuropa\" \/>\n<meta property=\"og:description\" content=\"Az elm\u00falt \u00e9vben jelent\u0151s v\u00e1ltoz\u00e1sok t\u00f6rt\u00e9ntek a transzfer\u00e1raz\u00e1s ter\u00e9n. Kor\u00e1bban is k\u00f6telez\u0151 volt a nyilv\u00e1ntart\u00e1s k\u00e9sz\u00edt\u00e9se bizonyos \u00e9rt\u00e9khat\u00e1rok felett, de 2022-t\u0151l m\u00e1r a k\u00f6telezett c\u00e9gek sz\u00e1m\u00e1ra a t\u00e1rsas\u00e1gi ad\u00f3bevall\u00e1sban (ATP-01 \u00e9s ATP-KV nev\u0171 lapokon) felt\u00fcntetni a legfontosabb adatokat az elk\u00e9sz\u00edtett dokument\u00e1ci\u00f3b\u00f3l. Ha valaki nem teszi ezt meg, \u00e9s hat\u00f3s\u00e1gi ellen\u0151rz\u00e9s sor\u00e1n der\u00fcl ki, hogy nem [&hellip;]\" \/>\n<meta property=\"og:url\" content=\"https:\/\/icteuropa.hu\/en\/ezek-a-cegek-mentesulhetnek-reszben-vagy-egeszben-a-transzferar-dokumentacio-alol\/\" \/>\n<meta property=\"og:site_name\" content=\"ICTEuropa\" \/>\n<meta property=\"article:published_time\" content=\"2024-09-26T07:15:00+00:00\" \/>\n<meta property=\"article:modified_time\" content=\"2024-09-26T07:15:03+00:00\" \/>\n<meta property=\"og:image\" content=\"https:\/\/icteuropa.hu\/wp-content\/uploads\/2024\/09\/escape-scaled.jpg\" \/>\n\t<meta property=\"og:image:width\" content=\"2560\" \/>\n\t<meta property=\"og:image:height\" content=\"1443\" \/>\n\t<meta property=\"og:image:type\" content=\"image\/jpeg\" \/>\n<meta name=\"author\" content=\"Balazs Olah\" \/>\n<meta name=\"twitter:card\" content=\"summary_large_image\" \/>\n<meta name=\"twitter:label1\" content=\"Written by\" \/>\n\t<meta name=\"twitter:data1\" content=\"Balazs Olah\" \/>\n\t<meta name=\"twitter:label2\" content=\"Est. reading time\" \/>\n\t<meta name=\"twitter:data2\" content=\"3 minutes\" \/>\n<script type=\"application\/ld+json\" class=\"yoast-schema-graph\">{\"@context\":\"https:\\\/\\\/schema.org\",\"@graph\":[{\"@type\":\"Article\",\"@id\":\"https:\\\/\\\/icteuropa.hu\\\/ezek-a-cegek-mentesulhetnek-reszben-vagy-egeszben-a-transzferar-dokumentacio-alol\\\/#article\",\"isPartOf\":{\"@id\":\"https:\\\/\\\/icteuropa.hu\\\/ezek-a-cegek-mentesulhetnek-reszben-vagy-egeszben-a-transzferar-dokumentacio-alol\\\/\"},\"author\":{\"name\":\"Balazs Olah\",\"@id\":\"https:\\\/\\\/icteuropa.hu\\\/#\\\/schema\\\/person\\\/60eccb0370e2e825db8c53d79d29b633\"},\"headline\":\"Ezek a c\u00e9gek mentes\u00fclhetnek r\u00e9szben vagy eg\u00e9szben a transzfer\u00e1r dokument\u00e1ci\u00f3 al\u00f3l!\",\"datePublished\":\"2024-09-26T07:15:00+00:00\",\"dateModified\":\"2024-09-26T07:15:03+00:00\",\"mainEntityOfPage\":{\"@id\":\"https:\\\/\\\/icteuropa.hu\\\/ezek-a-cegek-mentesulhetnek-reszben-vagy-egeszben-a-transzferar-dokumentacio-alol\\\/\"},\"wordCount\":655,\"publisher\":{\"@id\":\"https:\\\/\\\/icteuropa.hu\\\/#organization\"},\"image\":{\"@id\":\"https:\\\/\\\/icteuropa.hu\\\/ezek-a-cegek-mentesulhetnek-reszben-vagy-egeszben-a-transzferar-dokumentacio-alol\\\/#primaryimage\"},\"thumbnailUrl\":\"https:\\\/\\\/icteuropa.hu\\\/wp-content\\\/uploads\\\/2024\\\/09\\\/escape-scaled.jpg\",\"articleSection\":[\"K\u00f6nyvel\u00e9s\"],\"inLanguage\":\"en-US\"},{\"@type\":\"WebPage\",\"@id\":\"https:\\\/\\\/icteuropa.hu\\\/ezek-a-cegek-mentesulhetnek-reszben-vagy-egeszben-a-transzferar-dokumentacio-alol\\\/\",\"url\":\"https:\\\/\\\/icteuropa.hu\\\/ezek-a-cegek-mentesulhetnek-reszben-vagy-egeszben-a-transzferar-dokumentacio-alol\\\/\",\"name\":\"Ezek a c\u00e9gek mentes\u00fclhetnek r\u00e9szben vagy eg\u00e9szben a transzfer\u00e1r dokument\u00e1ci\u00f3 al\u00f3l! - ICTEuropa\",\"isPartOf\":{\"@id\":\"https:\\\/\\\/icteuropa.hu\\\/#website\"},\"primaryImageOfPage\":{\"@id\":\"https:\\\/\\\/icteuropa.hu\\\/ezek-a-cegek-mentesulhetnek-reszben-vagy-egeszben-a-transzferar-dokumentacio-alol\\\/#primaryimage\"},\"image\":{\"@id\":\"https:\\\/\\\/icteuropa.hu\\\/ezek-a-cegek-mentesulhetnek-reszben-vagy-egeszben-a-transzferar-dokumentacio-alol\\\/#primaryimage\"},\"thumbnailUrl\":\"https:\\\/\\\/icteuropa.hu\\\/wp-content\\\/uploads\\\/2024\\\/09\\\/escape-scaled.jpg\",\"datePublished\":\"2024-09-26T07:15:00+00:00\",\"dateModified\":\"2024-09-26T07:15:03+00:00\",\"breadcrumb\":{\"@id\":\"https:\\\/\\\/icteuropa.hu\\\/ezek-a-cegek-mentesulhetnek-reszben-vagy-egeszben-a-transzferar-dokumentacio-alol\\\/#breadcrumb\"},\"inLanguage\":\"en-US\",\"potentialAction\":[{\"@type\":\"ReadAction\",\"target\":[\"https:\\\/\\\/icteuropa.hu\\\/ezek-a-cegek-mentesulhetnek-reszben-vagy-egeszben-a-transzferar-dokumentacio-alol\\\/\"]}]},{\"@type\":\"ImageObject\",\"inLanguage\":\"en-US\",\"@id\":\"https:\\\/\\\/icteuropa.hu\\\/ezek-a-cegek-mentesulhetnek-reszben-vagy-egeszben-a-transzferar-dokumentacio-alol\\\/#primaryimage\",\"url\":\"https:\\\/\\\/icteuropa.hu\\\/wp-content\\\/uploads\\\/2024\\\/09\\\/escape-scaled.jpg\",\"contentUrl\":\"https:\\\/\\\/icteuropa.hu\\\/wp-content\\\/uploads\\\/2024\\\/09\\\/escape-scaled.jpg\",\"width\":2560,\"height\":1443,\"caption\":\"Ezek a c\u00e9gek mentes\u00fclhetnek r\u00e9szben vagy eg\u00e9szben a transzfer\u00e1r dokument\u00e1ci\u00f3 al\u00f3l!\"},{\"@type\":\"BreadcrumbList\",\"@id\":\"https:\\\/\\\/icteuropa.hu\\\/ezek-a-cegek-mentesulhetnek-reszben-vagy-egeszben-a-transzferar-dokumentacio-alol\\\/#breadcrumb\",\"itemListElement\":[{\"@type\":\"ListItem\",\"position\":1,\"name\":\"Home\",\"item\":\"https:\\\/\\\/icteuropa.hu\\\/\"},{\"@type\":\"ListItem\",\"position\":2,\"name\":\"Ezek a c\u00e9gek mentes\u00fclhetnek r\u00e9szben vagy eg\u00e9szben a transzfer\u00e1r dokument\u00e1ci\u00f3 al\u00f3l!\"}]},{\"@type\":\"WebSite\",\"@id\":\"https:\\\/\\\/icteuropa.hu\\\/#website\",\"url\":\"https:\\\/\\\/icteuropa.hu\\\/\",\"name\":\"ICTEuropa\",\"description\":\"\",\"publisher\":{\"@id\":\"https:\\\/\\\/icteuropa.hu\\\/#organization\"},\"potentialAction\":[{\"@type\":\"SearchAction\",\"target\":{\"@type\":\"EntryPoint\",\"urlTemplate\":\"https:\\\/\\\/icteuropa.hu\\\/?s={search_term_string}\"},\"query-input\":{\"@type\":\"PropertyValueSpecification\",\"valueRequired\":true,\"valueName\":\"search_term_string\"}}],\"inLanguage\":\"en-US\"},{\"@type\":\"Organization\",\"@id\":\"https:\\\/\\\/icteuropa.hu\\\/#organization\",\"name\":\"ICTEuropa\",\"url\":\"https:\\\/\\\/icteuropa.hu\\\/\",\"logo\":{\"@type\":\"ImageObject\",\"inLanguage\":\"en-US\",\"@id\":\"https:\\\/\\\/icteuropa.hu\\\/#\\\/schema\\\/logo\\\/image\\\/\",\"url\":\"https:\\\/\\\/icteuropa.hu\\\/wp-content\\\/uploads\\\/2024\\\/04\\\/logo-nav-anim.gif\",\"contentUrl\":\"https:\\\/\\\/icteuropa.hu\\\/wp-content\\\/uploads\\\/2024\\\/04\\\/logo-nav-anim.gif\",\"width\":980,\"height\":120,\"caption\":\"ICTEuropa\"},\"image\":{\"@id\":\"https:\\\/\\\/icteuropa.hu\\\/#\\\/schema\\\/logo\\\/image\\\/\"}},{\"@type\":\"Person\",\"@id\":\"https:\\\/\\\/icteuropa.hu\\\/#\\\/schema\\\/person\\\/60eccb0370e2e825db8c53d79d29b633\",\"name\":\"Balazs Olah\",\"url\":\"https:\\\/\\\/icteuropa.hu\\\/en\\\/author\\\/olahbalazsdigital\\\/\"}]}<\/script>\n<!-- \/ Yoast SEO plugin. -->","yoast_head_json":{"title":"Ezek a c\u00e9gek mentes\u00fclhetnek r\u00e9szben vagy eg\u00e9szben a transzfer\u00e1r dokument\u00e1ci\u00f3 al\u00f3l! - ICTEuropa","robots":{"index":"index","follow":"follow","max-snippet":"max-snippet:-1","max-image-preview":"max-image-preview:large","max-video-preview":"max-video-preview:-1"},"canonical":"https:\/\/icteuropa.hu\/en\/ezek-a-cegek-mentesulhetnek-reszben-vagy-egeszben-a-transzferar-dokumentacio-alol\/","og_locale":"en_US","og_type":"article","og_title":"Ezek a c\u00e9gek mentes\u00fclhetnek r\u00e9szben vagy eg\u00e9szben a transzfer\u00e1r dokument\u00e1ci\u00f3 al\u00f3l! - ICTEuropa","og_description":"Az elm\u00falt \u00e9vben jelent\u0151s v\u00e1ltoz\u00e1sok t\u00f6rt\u00e9ntek a transzfer\u00e1raz\u00e1s ter\u00e9n. Kor\u00e1bban is k\u00f6telez\u0151 volt a nyilv\u00e1ntart\u00e1s k\u00e9sz\u00edt\u00e9se bizonyos \u00e9rt\u00e9khat\u00e1rok felett, de 2022-t\u0151l m\u00e1r a k\u00f6telezett c\u00e9gek sz\u00e1m\u00e1ra a t\u00e1rsas\u00e1gi ad\u00f3bevall\u00e1sban (ATP-01 \u00e9s ATP-KV nev\u0171 lapokon) felt\u00fcntetni a legfontosabb adatokat az elk\u00e9sz\u00edtett dokument\u00e1ci\u00f3b\u00f3l. Ha valaki nem teszi ezt meg, \u00e9s hat\u00f3s\u00e1gi ellen\u0151rz\u00e9s sor\u00e1n der\u00fcl ki, hogy nem [&hellip;]","og_url":"https:\/\/icteuropa.hu\/en\/ezek-a-cegek-mentesulhetnek-reszben-vagy-egeszben-a-transzferar-dokumentacio-alol\/","og_site_name":"ICTEuropa","article_published_time":"2024-09-26T07:15:00+00:00","article_modified_time":"2024-09-26T07:15:03+00:00","og_image":[{"width":2560,"height":1443,"url":"https:\/\/icteuropa.hu\/wp-content\/uploads\/2024\/09\/escape-scaled.jpg","type":"image\/jpeg"}],"author":"Balazs Olah","twitter_card":"summary_large_image","twitter_misc":{"Written by":"Balazs Olah","Est. reading time":"3 minutes"},"schema":{"@context":"https:\/\/schema.org","@graph":[{"@type":"Article","@id":"https:\/\/icteuropa.hu\/ezek-a-cegek-mentesulhetnek-reszben-vagy-egeszben-a-transzferar-dokumentacio-alol\/#article","isPartOf":{"@id":"https:\/\/icteuropa.hu\/ezek-a-cegek-mentesulhetnek-reszben-vagy-egeszben-a-transzferar-dokumentacio-alol\/"},"author":{"name":"Balazs Olah","@id":"https:\/\/icteuropa.hu\/#\/schema\/person\/60eccb0370e2e825db8c53d79d29b633"},"headline":"Ezek a c\u00e9gek mentes\u00fclhetnek r\u00e9szben vagy eg\u00e9szben a transzfer\u00e1r dokument\u00e1ci\u00f3 al\u00f3l!","datePublished":"2024-09-26T07:15:00+00:00","dateModified":"2024-09-26T07:15:03+00:00","mainEntityOfPage":{"@id":"https:\/\/icteuropa.hu\/ezek-a-cegek-mentesulhetnek-reszben-vagy-egeszben-a-transzferar-dokumentacio-alol\/"},"wordCount":655,"publisher":{"@id":"https:\/\/icteuropa.hu\/#organization"},"image":{"@id":"https:\/\/icteuropa.hu\/ezek-a-cegek-mentesulhetnek-reszben-vagy-egeszben-a-transzferar-dokumentacio-alol\/#primaryimage"},"thumbnailUrl":"https:\/\/icteuropa.hu\/wp-content\/uploads\/2024\/09\/escape-scaled.jpg","articleSection":["K\u00f6nyvel\u00e9s"],"inLanguage":"en-US"},{"@type":"WebPage","@id":"https:\/\/icteuropa.hu\/ezek-a-cegek-mentesulhetnek-reszben-vagy-egeszben-a-transzferar-dokumentacio-alol\/","url":"https:\/\/icteuropa.hu\/ezek-a-cegek-mentesulhetnek-reszben-vagy-egeszben-a-transzferar-dokumentacio-alol\/","name":"Ezek a c\u00e9gek mentes\u00fclhetnek r\u00e9szben vagy eg\u00e9szben a transzfer\u00e1r dokument\u00e1ci\u00f3 al\u00f3l! - ICTEuropa","isPartOf":{"@id":"https:\/\/icteuropa.hu\/#website"},"primaryImageOfPage":{"@id":"https:\/\/icteuropa.hu\/ezek-a-cegek-mentesulhetnek-reszben-vagy-egeszben-a-transzferar-dokumentacio-alol\/#primaryimage"},"image":{"@id":"https:\/\/icteuropa.hu\/ezek-a-cegek-mentesulhetnek-reszben-vagy-egeszben-a-transzferar-dokumentacio-alol\/#primaryimage"},"thumbnailUrl":"https:\/\/icteuropa.hu\/wp-content\/uploads\/2024\/09\/escape-scaled.jpg","datePublished":"2024-09-26T07:15:00+00:00","dateModified":"2024-09-26T07:15:03+00:00","breadcrumb":{"@id":"https:\/\/icteuropa.hu\/ezek-a-cegek-mentesulhetnek-reszben-vagy-egeszben-a-transzferar-dokumentacio-alol\/#breadcrumb"},"inLanguage":"en-US","potentialAction":[{"@type":"ReadAction","target":["https:\/\/icteuropa.hu\/ezek-a-cegek-mentesulhetnek-reszben-vagy-egeszben-a-transzferar-dokumentacio-alol\/"]}]},{"@type":"ImageObject","inLanguage":"en-US","@id":"https:\/\/icteuropa.hu\/ezek-a-cegek-mentesulhetnek-reszben-vagy-egeszben-a-transzferar-dokumentacio-alol\/#primaryimage","url":"https:\/\/icteuropa.hu\/wp-content\/uploads\/2024\/09\/escape-scaled.jpg","contentUrl":"https:\/\/icteuropa.hu\/wp-content\/uploads\/2024\/09\/escape-scaled.jpg","width":2560,"height":1443,"caption":"Ezek a c\u00e9gek mentes\u00fclhetnek r\u00e9szben vagy eg\u00e9szben a transzfer\u00e1r dokument\u00e1ci\u00f3 al\u00f3l!"},{"@type":"BreadcrumbList","@id":"https:\/\/icteuropa.hu\/ezek-a-cegek-mentesulhetnek-reszben-vagy-egeszben-a-transzferar-dokumentacio-alol\/#breadcrumb","itemListElement":[{"@type":"ListItem","position":1,"name":"Home","item":"https:\/\/icteuropa.hu\/"},{"@type":"ListItem","position":2,"name":"Ezek a c\u00e9gek mentes\u00fclhetnek r\u00e9szben vagy eg\u00e9szben a transzfer\u00e1r dokument\u00e1ci\u00f3 al\u00f3l!"}]},{"@type":"WebSite","@id":"https:\/\/icteuropa.hu\/#website","url":"https:\/\/icteuropa.hu\/","name":"ICTEuropa","description":"","publisher":{"@id":"https:\/\/icteuropa.hu\/#organization"},"potentialAction":[{"@type":"SearchAction","target":{"@type":"EntryPoint","urlTemplate":"https:\/\/icteuropa.hu\/?s={search_term_string}"},"query-input":{"@type":"PropertyValueSpecification","valueRequired":true,"valueName":"search_term_string"}}],"inLanguage":"en-US"},{"@type":"Organization","@id":"https:\/\/icteuropa.hu\/#organization","name":"ICTEuropa","url":"https:\/\/icteuropa.hu\/","logo":{"@type":"ImageObject","inLanguage":"en-US","@id":"https:\/\/icteuropa.hu\/#\/schema\/logo\/image\/","url":"https:\/\/icteuropa.hu\/wp-content\/uploads\/2024\/04\/logo-nav-anim.gif","contentUrl":"https:\/\/icteuropa.hu\/wp-content\/uploads\/2024\/04\/logo-nav-anim.gif","width":980,"height":120,"caption":"ICTEuropa"},"image":{"@id":"https:\/\/icteuropa.hu\/#\/schema\/logo\/image\/"}},{"@type":"Person","@id":"https:\/\/icteuropa.hu\/#\/schema\/person\/60eccb0370e2e825db8c53d79d29b633","name":"Balazs Olah","url":"https:\/\/icteuropa.hu\/en\/author\/olahbalazsdigital\/"}]}},"_links":{"self":[{"href":"https:\/\/icteuropa.hu\/en\/wp-json\/wp\/v2\/posts\/8273","targetHints":{"allow":["GET"]}}],"collection":[{"href":"https:\/\/icteuropa.hu\/en\/wp-json\/wp\/v2\/posts"}],"about":[{"href":"https:\/\/icteuropa.hu\/en\/wp-json\/wp\/v2\/types\/post"}],"author":[{"embeddable":true,"href":"https:\/\/icteuropa.hu\/en\/wp-json\/wp\/v2\/users\/2"}],"replies":[{"embeddable":true,"href":"https:\/\/icteuropa.hu\/en\/wp-json\/wp\/v2\/comments?post=8273"}],"version-history":[{"count":0,"href":"https:\/\/icteuropa.hu\/en\/wp-json\/wp\/v2\/posts\/8273\/revisions"}],"wp:featuredmedia":[{"embeddable":true,"href":"https:\/\/icteuropa.hu\/en\/wp-json\/wp\/v2\/media\/8274"}],"wp:attachment":[{"href":"https:\/\/icteuropa.hu\/en\/wp-json\/wp\/v2\/media?parent=8273"}],"wp:term":[{"taxonomy":"category","embeddable":true,"href":"https:\/\/icteuropa.hu\/en\/wp-json\/wp\/v2\/categories?post=8273"},{"taxonomy":"post_tag","embeddable":true,"href":"https:\/\/icteuropa.hu\/en\/wp-json\/wp\/v2\/tags?post=8273"}],"curies":[{"name":"wp","href":"https:\/\/api.w.org\/{rel}","templated":true}]}}